{"id":2256,"date":"2012-12-03T10:33:57","date_gmt":"2012-12-03T09:33:57","guid":{"rendered":"http:\/\/www.lianeshobbywelt.de\/blog\/?p=2256"},"modified":"2012-12-03T11:08:24","modified_gmt":"2012-12-03T10:08:24","slug":"alles-neu-macht-der-dezember","status":"publish","type":"post","link":"http:\/\/lianeshobbywelt.de\/?p=2256","title":{"rendered":"Alles Neu macht der Dezember&#8230;"},"content":{"rendered":"<p><span style=\"font-family: verdana, geneva;\">&#8230;oder so \u00e4hnlich! \ud83d\ude42<\/span><\/p>\n<p><span style=\"font-family: verdana, geneva;\">\u00a0<\/span><\/p>\n<p><span style=\"font-family: verdana, geneva;\">In meinem <a title=\"Verlosung bei Manu\" href=\"http:\/\/www.lianeshobbywelt.de\/blog\/information\/mein-rundgang-durch-die-bloggerwelt\/\" target=\"_blank\">Post<\/a> hatte ich Euch von der Verlosung bei <a title=\"Manu\u00b4s Blog\" href=\"http:\/\/manu-strickt.blogspot.de\/\" target=\"_blank\">Manu<\/a> erz\u00e4hlt. Am Freitag habe ich auf Ihrem Blog gelesen, dass ich zu den Gewinnern geh\u00f6re&#8230;OHHHHHH JEEEEEEPIIIIIEEEEEE&#8230;<\/span><\/p>\n<p><span style=\"font-family: verdana, geneva;\">Kann Euch sagen, ich habe mich gefreut wie ein Schneek\u00f6nig&#8230;Vielen vielen Dank Manu!!!!!<\/span><\/p>\n<p><span style=\"font-family: verdana, geneva;\">\u00a0<\/span><\/p>\n<p><span style=\"font-family: verdana, geneva;\">Doch ich habe noch mehr f\u00fcr Euch&#8230;jaaaaa, jaaaaa!\u00a0<\/span><\/p>\n<p><span style=\"font-family: verdana, geneva;\">\u00a0<\/span><\/p>\n<p><span style=\"font-family: verdana, geneva;\">Am Sonntag morgen habe ich noch schnell einen T\u00fcrkranz f\u00fcr die kalte Jahreszeit gebunden. Dieses Jahr habe ich mich f\u00fcr eine schlichte Variiante entschieden, wobei&#8230;ich glaube die Schlichtheit hatte ich schon letztes Jahr??!! Naja, auf alle F\u00e4lle bin ich momentan eher auf dem Bescheidenen-Trip (wenn frau das so nennen kann?!). Hier nun mein\u00a0bescheidener\u00a0T\u00fcrkranz<\/span><\/p>\n<p><span style=\"font-family: verdana, geneva;\">\u00a0<\/span><\/p>\n<p class=\"aligncenter\" style=\"text-align: center;\"><img loading=\"lazy\" decoding=\"async\" title=\"T\u00fcrkranz\" src=\"http:\/\/i1170.photobucket.com\/albums\/r523\/lissy734\/Basteln\/Adventskranz.jpg\" alt=\"T\u00fcrkranz\" width=\"405\" height=\"531\" \/><\/p>\n<p>&nbsp;<\/p>\n<p><span style=\"font-family: verdana, geneva;\">Wie Ihr seht&#8230;.schlicht und \u00fcbersichtlich! Eins mu\u00df ich gestehen, so auf Weihnachten und Adventszeit bin ich \u00fcberhaupt noch nicht eingestellt, also nicht so richtig! Ich freue mich ungemein auf diese Zeit, doch Stimmung ist noch nicht wirklich bei mir angekommen! Kein Schnee, auch wenn viele von Euch wohl die Nase schon voll haben, weil Ihr nicht wisst wohin mit der Schneemasse! Bei uns ist der Schnee noch nicht angekommen! Am Sonntag hatte es ein wenig geschneit, aber das war ja nach dem die Sonne blitzte schnell wieder geschmolzen. Wir haben einfach nur Kalt bei uns in der Region&#8230;*schmoll*<\/span><\/p>\n<p><span style=\"font-family: verdana, geneva;\">\u00a0<\/span><\/p>\n<p><span style=\"font-family: verdana, geneva;\">Und wenn es schonmal soooo richtig Kalt ist, dann braucht Sohnemann nat\u00fcrlich auch ein Paar Handschuhe, die habe ich heute morgen noch fertig bekommen! Also&#8230;hier nun auch die Handschuhe f\u00fcr Sohnemann&#8230;<\/span><\/p>\n<p><span style=\"font-family: verdana, geneva;\">\u00a0<\/span><\/p>\n<p style=\"text-align: center;\"><img loading=\"lazy\" decoding=\"async\" class=\"aligncenter\" title=\"Handschuhe Sonnemann\" src=\"http:\/\/i1170.photobucket.com\/albums\/r523\/lissy734\/Stricken\/Handschuh.jpg\" alt=\"Handschuhe Sohnemann\" width=\"316\" height=\"316\" \/><\/p>\n<p style=\"text-align: left;\"><span style=\"font-family: verdana, geneva;\">Es sind nun meine zweiten Paar Handschuh die ich genadelt habe und ich bin wirklich stolz auf mich. Endlich ein Paar, welche auch vorzeigbar sind. Und auch wenn es auf dem Bild nicht danach aussieht, die Handschuhe sind zu 98% gleichlang! \ud83d\ude09 Ja, am B\u00fcndchen habe ich eine Reihe zuviel genadelt, doch es f\u00e4llt so nicht weiters auf. Wichtig ist, dass die Handschuhe passen und\u00a0vor allem\u00a0gefallen und das tun sie! *freu*<\/span><\/p>\n<p style=\"text-align: left;\"><span style=\"font-family: verdana, geneva;\">Verbraucht habe ich f\u00fcr die Handschuhe 30g aus der Feria Kollektion. Ich bin mal gespannt, wie diese nach der ersten W\u00e4sche aussehen! Aber soweit ist es ja noch nicht! \ud83d\ude09<\/span><\/p>\n<p style=\"text-align: left;\"><span style=\"font-family: verdana, geneva;\">\u00a0Ich w\u00fcnsche Euch allen einen sch\u00f6nen Wochenstart und allen die sich vor Schnee nicht mehr retten k\u00f6nnen&#8230;.schickt diesen weiter s\u00fcdlich&#8230;BITTE!!!!<\/span><\/p>\n<img decoding=\"async\" src=\"http:\/\/lianeshobbywelt.de\/Liane.png\" >","protected":false},"excerpt":{"rendered":"<p>&#8230;oder so \u00e4hnlich! \ud83d\ude42 \u00a0 In meinem Post hatte ich Euch von der Verlosung bei Manu erz\u00e4hlt. Am Freitag habe &hellip; <a href=\"http:\/\/lianeshobbywelt.de\/?p=2256\" class=\"more-link\">Continue reading<span class=\"screen-reader-text\"> &#8222;Alles Neu macht der Dezember&#8230;&#8220;<\/span><\/a><\/p>\n<img decoding=\"async\" src=\"http:\/\/lianeshobbywelt.de\/Liane.png\" >","protected":false},"author":1,"featured_media":0,"comment_status":"open","ping_status":"open","sticky":false,"template":"","format":"standard","meta":{"footnotes":""},"categories":[10,3,6],"tags":[],"class_list":["post-2256","post","type-post","status-publish","format-standard","hentry","category-basteln","category-information","category-stricken"],"_links":{"self":[{"href":"http:\/\/lianeshobbywelt.de\/index.php?rest_route=\/wp\/v2\/posts\/2256","targetHints":{"allow":["GET"]}}],"collection":[{"href":"http:\/\/lianeshobbywelt.de\/index.php?rest_route=\/wp\/v2\/posts"}],"about":[{"href":"http:\/\/lianeshobbywelt.de\/index.php?rest_route=\/wp\/v2\/types\/post"}],"author":[{"embeddable":true,"href":"http:\/\/lianeshobbywelt.de\/index.php?rest_route=\/wp\/v2\/users\/1"}],"replies":[{"embeddable":true,"href":"http:\/\/lianeshobbywelt.de\/index.php?rest_route=%2Fwp%2Fv2%2Fcomments&post=2256"}],"version-history":[{"count":3,"href":"http:\/\/lianeshobbywelt.de\/index.php?rest_route=\/wp\/v2\/posts\/2256\/revisions"}],"predecessor-version":[{"id":2258,"href":"http:\/\/lianeshobbywelt.de\/index.php?rest_route=\/wp\/v2\/posts\/2256\/revisions\/2258"}],"wp:attachment":[{"href":"http:\/\/lianeshobbywelt.de\/index.php?rest_route=%2Fwp%2Fv2%2Fmedia&parent=2256"}],"wp:term":[{"taxonomy":"category","embeddable":true,"href":"http:\/\/lianeshobbywelt.de\/index.php?rest_route=%2Fwp%2Fv2%2Fcategories&post=2256"},{"taxonomy":"post_tag","embeddable":true,"href":"http:\/\/lianeshobbywelt.de\/index.php?rest_route=%2Fwp%2Fv2%2Ftags&post=2256"}],"curies":[{"name":"wp","href":"https:\/\/api.w.org\/{rel}","templated":true}]}}