{"id":2286,"date":"2012-12-13T08:23:23","date_gmt":"2012-12-13T07:23:23","guid":{"rendered":"http:\/\/www.lianeshobbywelt.de\/blog\/?p=2286"},"modified":"2012-12-13T08:23:23","modified_gmt":"2012-12-13T07:23:23","slug":"heute-mochte-auch-ich-verspatet","status":"publish","type":"post","link":"http:\/\/lianeshobbywelt.de\/?p=2286","title":{"rendered":"Heute m\u00f6chte auch ich versp\u00e4tet&#8230;"},"content":{"rendered":"<p><span style=\"font-family: verdana, geneva;\" data-mce-mark=\"1\">&#8230;Euch unseren diesj\u00e4hrigen Adventskranz zeigen!<\/span><\/p>\n<p><span style=\"font-family: verdana, geneva;\" data-mce-mark=\"1\">\u00a0<\/span><\/p>\n<p><span style=\"font-family: verdana, geneva;\" data-mce-mark=\"1\">Dieses Jahr hat er nicht die klassische runde Tannenform \ud83d\ude42<\/span><\/p>\n<p>&nbsp;<\/p>\n<p style=\"text-align: center;\"><span style=\"font-family: verdana, geneva;\" data-mce-mark=\"1\"><img loading=\"lazy\" decoding=\"async\" class=\"aligncenter\" alt=\"\" src=\"http:\/\/i1170.photobucket.com\/albums\/r523\/lissy734\/Basteln\/Kranz_2012.jpg\" width=\"523\" height=\"508\" \/>\u00a0<\/span><\/p>\n<p>&nbsp;<\/p>\n<p><span style=\"font-family: verdana, geneva;\">Ein Stern dient als Grundlage, auf dem ich die Halter f\u00fcr die Teelichter mit Hei\u00dfkleber befestigt habe. Dann noch paar k\u00fcnstliche Tannenzweige von einem alten T\u00fcrkranz, Tannenzapfen und Perlenkette. Schon war unser Adventskranz, \u00e4hmmmm&#8230;.Stern fertig!<\/span><\/p>\n<p>&nbsp;<\/p>\n<p><span style=\"font-family: verdana, geneva;\">Ich w\u00fcnsche Euch allen noch eine sch\u00f6ne und besinnliche Adventszeit. Und da ich mit allem etwas sp\u00e4t bin \ud83d\ude41 Am Freitag werden Pl\u00e4tzchen gebacken, die fehlen noch f\u00fcr einen gem\u00fctlichen 3. Advent und einem\u00a0brassendem Kaminfeuer!<\/span><\/p>\n<p>&nbsp;<\/p>\n<p><span style=\"font-family: verdana, geneva;\">\u00a0<\/span><\/p>\n<img decoding=\"async\" src=\"http:\/\/lianeshobbywelt.de\/Liane.png\" >","protected":false},"excerpt":{"rendered":"<p>&#8230;Euch unseren diesj\u00e4hrigen Adventskranz zeigen! \u00a0 Dieses Jahr hat er nicht die klassische runde Tannenform \ud83d\ude42 &nbsp; \u00a0 &nbsp; Ein &hellip; <a href=\"http:\/\/lianeshobbywelt.de\/?p=2286\" class=\"more-link\">Continue reading<span class=\"screen-reader-text\"> &#8222;Heute m\u00f6chte auch ich versp\u00e4tet&#8230;&#8220;<\/span><\/a><\/p>\n<img decoding=\"async\" src=\"http:\/\/lianeshobbywelt.de\/Liane.png\" >","protected":false},"author":1,"featured_media":0,"comment_status":"open","ping_status":"open","sticky":false,"template":"","format":"standard","meta":{"footnotes":""},"categories":[3],"tags":[],"class_list":["post-2286","post","type-post","status-publish","format-standard","hentry","category-information"],"_links":{"self":[{"href":"http:\/\/lianeshobbywelt.de\/index.php?rest_route=\/wp\/v2\/posts\/2286","targetHints":{"allow":["GET"]}}],"collection":[{"href":"http:\/\/lianeshobbywelt.de\/index.php?rest_route=\/wp\/v2\/posts"}],"about":[{"href":"http:\/\/lianeshobbywelt.de\/index.php?rest_route=\/wp\/v2\/types\/post"}],"author":[{"embeddable":true,"href":"http:\/\/lianeshobbywelt.de\/index.php?rest_route=\/wp\/v2\/users\/1"}],"replies":[{"embeddable":true,"href":"http:\/\/lianeshobbywelt.de\/index.php?rest_route=%2Fwp%2Fv2%2Fcomments&post=2286"}],"version-history":[{"count":3,"href":"http:\/\/lianeshobbywelt.de\/index.php?rest_route=\/wp\/v2\/posts\/2286\/revisions"}],"predecessor-version":[{"id":2291,"href":"http:\/\/lianeshobbywelt.de\/index.php?rest_route=\/wp\/v2\/posts\/2286\/revisions\/2291"}],"wp:attachment":[{"href":"http:\/\/lianeshobbywelt.de\/index.php?rest_route=%2Fwp%2Fv2%2Fmedia&parent=2286"}],"wp:term":[{"taxonomy":"category","embeddable":true,"href":"http:\/\/lianeshobbywelt.de\/index.php?rest_route=%2Fwp%2Fv2%2Fcategories&post=2286"},{"taxonomy":"post_tag","embeddable":true,"href":"http:\/\/lianeshobbywelt.de\/index.php?rest_route=%2Fwp%2Fv2%2Ftags&post=2286"}],"curies":[{"name":"wp","href":"https:\/\/api.w.org\/{rel}","templated":true}]}}