{"id":272,"date":"2011-11-27T19:14:00","date_gmt":"2011-11-27T19:14:00","guid":{"rendered":"http:\/\/www.lianeshobbywelt.de\/blog\/?p=272"},"modified":"2011-11-27T19:14:00","modified_gmt":"2011-11-27T19:14:00","slug":"advent-advent-2","status":"publish","type":"post","link":"http:\/\/lianeshobbywelt.de\/?p=272","title":{"rendered":"Advent, Advent&#8230;"},"content":{"rendered":"<p>&#8230;der T\u00fcrkranz h\u00e4ngt! :o)<\/p>\n<p>Heute war ein doch recht produktiver Tag! 4 T\u00fcrkr\u00e4nze und ein Aventskranz habe ich heute gebunden!<\/p>\n<p>Da ich den einen T\u00fcrkranz f\u00fcr meinen Nachbarn gebunden habe, als Dankesch\u00f6n f\u00fcr die gebrachten Tannenzweige, habe ich leider kein Bild mehr machen k\u00f6nnen! Doch von den T\u00fcrkr\u00e4nzen f\u00fcr meine Mama, Schwiegermama und f\u00fcr unsere T\u00fcr habe ich noch Bilder:<\/p>\n<div class=\"separator\" style=\"clear: both; text-align: center;\"><a href=\"http:\/\/1.bp.blogspot.com\/-kVPC9gX_0WI\/TtKNYLJQmLI\/AAAAAAAABI0\/ygrv-w30M3Q\/s1600\/DSCF0575.JPG\" imageanchor=\"1\" style=\"margin-left: 1em; margin-right: 1em;\"><img loading=\"lazy\" decoding=\"async\" border=\"0\" height=\"320\" src=\"http:\/\/1.bp.blogspot.com\/-kVPC9gX_0WI\/TtKNYLJQmLI\/AAAAAAAABI0\/ygrv-w30M3Q\/s320\/DSCF0575.JPG\" width=\"240\" \/><\/a><\/div>\n<div style=\"text-align: center;\">&nbsp;f\u00fcr meine Mama<\/div>\n<div class=\"separator\" style=\"clear: both; text-align: center;\"><a href=\"http:\/\/3.bp.blogspot.com\/-RUzCOjHLlMg\/TtKNLjJOX0I\/AAAAAAAABIs\/TCcXvVEi8cY\/s1600\/DSCF0574.JPG\" imageanchor=\"1\" style=\"margin-left: 1em; margin-right: 1em;\"><img loading=\"lazy\" decoding=\"async\" border=\"0\" height=\"320\" src=\"http:\/\/3.bp.blogspot.com\/-RUzCOjHLlMg\/TtKNLjJOX0I\/AAAAAAAABIs\/TCcXvVEi8cY\/s320\/DSCF0574.JPG\" width=\"240\" \/><\/a><\/div>\n<div style=\"text-align: center;\">f\u00fcr meine Schwiegermama<\/div>\n<div style=\"text-align: left;\"><\/div>\n<div style=\"text-align: left;\">Und hier noch der T\u00fcrkranz, der \u00fcber die Adventszeit unsere T\u00fcr schm\u00fccken soll:<\/div>\n<div style=\"text-align: left;\"><\/div>\n<div class=\"separator\" style=\"clear: both; text-align: center;\"><a href=\"http:\/\/1.bp.blogspot.com\/-cYDyujyjTko\/TtKM-zlpUgI\/AAAAAAAABIk\/OMvxyXRNGQw\/s1600\/DSCF0573.JPG\" imageanchor=\"1\" style=\"margin-left: 1em; margin-right: 1em;\"><img loading=\"lazy\" decoding=\"async\" border=\"0\" height=\"240\" src=\"http:\/\/1.bp.blogspot.com\/-cYDyujyjTko\/TtKM-zlpUgI\/AAAAAAAABIk\/OMvxyXRNGQw\/s320\/DSCF0573.JPG\" width=\"320\" \/><\/a><\/div>\n<div style=\"text-align: left;\"><\/div>\n<div style=\"text-align: left;\">Der Adventskranz bekommt morgen noch sch\u00f6nere Kerzen verabreicht, und dann haben wir auch was sch\u00f6nes f\u00fcr den Tisch:<\/div>\n<div style=\"text-align: left;\"><\/div>\n<div class=\"separator\" style=\"clear: both; text-align: center;\"><a href=\"http:\/\/2.bp.blogspot.com\/-NDnLT6QuvF8\/TtKNkfs9FcI\/AAAAAAAABI8\/RzmGBxHr6WQ\/s1600\/DSCF0576.JPG\" imageanchor=\"1\" style=\"margin-left: 1em; margin-right: 1em;\"><img loading=\"lazy\" decoding=\"async\" border=\"0\" height=\"240\" src=\"http:\/\/2.bp.blogspot.com\/-NDnLT6QuvF8\/TtKNkfs9FcI\/AAAAAAAABI8\/RzmGBxHr6WQ\/s320\/DSCF0576.JPG\" width=\"320\" \/><\/a><\/div>\n<div style=\"text-align: left;\"><\/div>\n<p>Wir m\u00f6gen es nicht sonderlich bunt oder pomp\u00f6s, daher sind die Kr\u00e4nze alle recht schlicht gehalten!<\/p>\n<p>Ich w\u00fcnsche Euch auf alle F\u00e4lle einen wundersch\u00f6nen 1. Advent!<\/p>\n<p>Liebe Gr\u00fc\u00dfe Eure<\/p>\n<p><a href=\"http:\/\/www.mylivesignature.com\/\" target=\"_blank\"><img decoding=\"async\" border=\"0\" src=\"http:\/\/signatures.mylivesignature.com\/85885\/lissy73\/fcf01e28fc80fb146d429729e104eff5.png\" style=\"background: transparent; border: 0 !important;\" \/><\/a><\/p>\n<p><a href=\"http:\/\/www.smilieportal.de\/\"><img decoding=\"async\" src=\"http:\/\/www.smilieportal.de\/smilies\/haushalt\/49.gif\" \/><\/a><\/p>\n<img decoding=\"async\" src=\"http:\/\/lianeshobbywelt.de\/Liane.png\" >","protected":false},"excerpt":{"rendered":"<p>&#8230;der T\u00fcrkranz h\u00e4ngt! :o) Heute war ein doch recht produktiver Tag! 4 T\u00fcrkr\u00e4nze und ein Aventskranz habe ich heute gebunden! &hellip; <a href=\"http:\/\/lianeshobbywelt.de\/?p=272\" class=\"more-link\">Continue reading<span class=\"screen-reader-text\"> &#8222;Advent, Advent&#8230;&#8220;<\/span><\/a><\/p>\n<img decoding=\"async\" src=\"http:\/\/lianeshobbywelt.de\/Liane.png\" >","protected":false},"author":1,"featured_media":0,"comment_status":"open","ping_status":"open","sticky":false,"template":"","format":"standard","meta":{"footnotes":""},"categories":[10,3],"tags":[],"class_list":["post-272","post","type-post","status-publish","format-standard","hentry","category-basteln","category-information"],"_links":{"self":[{"href":"http:\/\/lianeshobbywelt.de\/index.php?rest_route=\/wp\/v2\/posts\/272","targetHints":{"allow":["GET"]}}],"collection":[{"href":"http:\/\/lianeshobbywelt.de\/index.php?rest_route=\/wp\/v2\/posts"}],"about":[{"href":"http:\/\/lianeshobbywelt.de\/index.php?rest_route=\/wp\/v2\/types\/post"}],"author":[{"embeddable":true,"href":"http:\/\/lianeshobbywelt.de\/index.php?rest_route=\/wp\/v2\/users\/1"}],"replies":[{"embeddable":true,"href":"http:\/\/lianeshobbywelt.de\/index.php?rest_route=%2Fwp%2Fv2%2Fcomments&post=272"}],"version-history":[{"count":0,"href":"http:\/\/lianeshobbywelt.de\/index.php?rest_route=\/wp\/v2\/posts\/272\/revisions"}],"wp:attachment":[{"href":"http:\/\/lianeshobbywelt.de\/index.php?rest_route=%2Fwp%2Fv2%2Fmedia&parent=272"}],"wp:term":[{"taxonomy":"category","embeddable":true,"href":"http:\/\/lianeshobbywelt.de\/index.php?rest_route=%2Fwp%2Fv2%2Fcategories&post=272"},{"taxonomy":"post_tag","embeddable":true,"href":"http:\/\/lianeshobbywelt.de\/index.php?rest_route=%2Fwp%2Fv2%2Ftags&post=272"}],"curies":[{"name":"wp","href":"https:\/\/api.w.org\/{rel}","templated":true}]}}