{"id":615,"date":"2011-08-12T07:44:00","date_gmt":"2011-08-12T06:44:00","guid":{"rendered":"http:\/\/www.lianeshobbywelt.de\/blog\/zeit-fur-nur-kleinigkeiten-2\/"},"modified":"2011-08-12T07:44:00","modified_gmt":"2011-08-12T06:44:00","slug":"zeit-fur-nur-kleinigkeiten-2","status":"publish","type":"post","link":"http:\/\/lianeshobbywelt.de\/?p=615","title":{"rendered":"Zeit f\u00fcr nur Kleinigkeiten&#8230;"},"content":{"rendered":"<p>&#8230;zu nadeln! Mein Terminkalender ist derzeit soooo voll, dass ich nur Zeit f\u00fcr Kleinigkeiten habe. Also habe ich die n\u00e4chsten S\u00f6ckchen f\u00fcr den Adventskalender-KAL gestrickt!<\/p>\n<div class=\"separator\" style=\"clear: both; text-align: center;\"><a href=\"http:\/\/1.bp.blogspot.com\/-1e8-xm4SYtc\/TkTK6v5uNfI\/AAAAAAAAA5Q\/Uj0Qn7zqKsU\/s1600\/DSCF0385.JPG\" imageanchor=\"1\" style=\"margin-left: 1em; margin-right: 1em;\"><img loading=\"lazy\" decoding=\"async\" border=\"0\" height=\"240\" src=\"http:\/\/1.bp.blogspot.com\/-1e8-xm4SYtc\/TkTK6v5uNfI\/AAAAAAAAA5Q\/Uj0Qn7zqKsU\/s320\/DSCF0385.JPG\" width=\"320\" \/><\/a><\/div>\n<p>Nun ist mein Stand bei 18 von 96! Ja ja, m\u00fchselig ern\u00e4hrt sich das Murmeltier!! ;o)<\/p>\n<p>Trotz Regen und nur wenig Sonnenschein, bleibt einfach keine Zeit f\u00fcr gr\u00f6\u00dfere Projekte, das frustriert ganz sch\u00f6n, hab ich mir doch soooo viel rausgesucht!<\/p>\n<p>Die wenigen Sonnenstunden versuche ich dann f\u00fcr unseren Garten aufzuwenden, na und die W\u00e4sche darf ja auch nicht zu kurz kommen! :o(<\/p>\n<p>Hoffe das es bald wieder ruhiger wird und ich wieder mehr Zeit f\u00fcr die Nadeln und vorallem f\u00fcr unsere monatlichen Treffen habe!<\/p>\n<p>Ich w\u00fcnsche Euch einen hoffentlich noch sonnenreichen Tag und einen sch\u00f6nen Start ins Wochenende.<\/p>\n<p>Liebe Gr\u00fc\u00dfe Eure<\/p>\n<p><a href=\"http:\/\/www.mylivesignature.com\/\" target=\"_blank\"><img decoding=\"async\" border=\"0\" src=\"http:\/\/signatures.mylivesignature.com\/85885\/lissy73\/fcf01e28fc80fb146d429729e104eff5.png\" style=\"background: transparent; border: 0 !important;\" \/><\/a><\/p>\n<p><a href=\"http:\/\/www.smilieportal.de\/\"><img decoding=\"async\" src=\"http:\/\/www.smilieportal.de\/smilies\/haushalt\/49.gif\" \/><\/a><\/p>\n<img decoding=\"async\" src=\"http:\/\/lianeshobbywelt.de\/Liane.png\" >","protected":false},"excerpt":{"rendered":"<p>&#8230;zu nadeln! Mein Terminkalender ist derzeit soooo voll, dass ich nur Zeit f\u00fcr Kleinigkeiten habe. Also habe ich die n\u00e4chsten &hellip; <a href=\"http:\/\/lianeshobbywelt.de\/?p=615\" class=\"more-link\">Continue reading<span class=\"screen-reader-text\"> &#8222;Zeit f\u00fcr nur Kleinigkeiten&#8230;&#8220;<\/span><\/a><\/p>\n<img decoding=\"async\" src=\"http:\/\/lianeshobbywelt.de\/Liane.png\" >","protected":false},"author":1,"featured_media":0,"comment_status":"open","ping_status":"open","sticky":false,"template":"","format":"standard","meta":{"footnotes":""},"categories":[23,3],"tags":[],"class_list":["post-615","post","type-post","status-publish","format-standard","hentry","category-adventskalender-socken-kal","category-information"],"_links":{"self":[{"href":"http:\/\/lianeshobbywelt.de\/index.php?rest_route=\/wp\/v2\/posts\/615","targetHints":{"allow":["GET"]}}],"collection":[{"href":"http:\/\/lianeshobbywelt.de\/index.php?rest_route=\/wp\/v2\/posts"}],"about":[{"href":"http:\/\/lianeshobbywelt.de\/index.php?rest_route=\/wp\/v2\/types\/post"}],"author":[{"embeddable":true,"href":"http:\/\/lianeshobbywelt.de\/index.php?rest_route=\/wp\/v2\/users\/1"}],"replies":[{"embeddable":true,"href":"http:\/\/lianeshobbywelt.de\/index.php?rest_route=%2Fwp%2Fv2%2Fcomments&post=615"}],"version-history":[{"count":0,"href":"http:\/\/lianeshobbywelt.de\/index.php?rest_route=\/wp\/v2\/posts\/615\/revisions"}],"wp:attachment":[{"href":"http:\/\/lianeshobbywelt.de\/index.php?rest_route=%2Fwp%2Fv2%2Fmedia&parent=615"}],"wp:term":[{"taxonomy":"category","embeddable":true,"href":"http:\/\/lianeshobbywelt.de\/index.php?rest_route=%2Fwp%2Fv2%2Fcategories&post=615"},{"taxonomy":"post_tag","embeddable":true,"href":"http:\/\/lianeshobbywelt.de\/index.php?rest_route=%2Fwp%2Fv2%2Ftags&post=615"}],"curies":[{"name":"wp","href":"https:\/\/api.w.org\/{rel}","templated":true}]}}