{"id":1348,"date":"2012-04-06T20:31:16","date_gmt":"2012-04-06T19:31:16","guid":{"rendered":"http:\/\/www.lianeshobbywelt.de\/blog\/?p=1348"},"modified":"2012-04-06T20:31:16","modified_gmt":"2012-04-06T19:31:16","slug":"persephone-kommt","status":"publish","type":"post","link":"https:\/\/lianeshobbywelt.de\/?p=1348","title":{"rendered":"Persephone kommt&#8230;"},"content":{"rendered":"<p>&#8230;leider irgendwie ins Stocken! \ud83d\ude41<\/p>\n<p>&nbsp;<\/p>\n<p>So wie es aussieht reicht meine Wolle nicht mehr f\u00fcr das 3. Element! *grummel* Nun bin ich am \u00dcberlegen, ob ich das letzte Element einfarbig stricke und die restliche Merino Wolle f\u00fcr das zusammen stricken verwenden soll!<\/p>\n<p>Leider habe ich keine passende Merino Wolle mehr, bzw. habe ich \u00fcberhaupt keine Merino Wolle mehr da. Was jetzt die Entscheidung nicht gerade vereinfacht. In meiner Sockenwollkiste bin ich aber auf zwei Kn\u00e4uel gesto\u00dfen, die farblich passen w\u00fcrden.<\/p>\n<p>Zum einen habe ich einen dunkelblauen oder einen grauen Kn\u00e4uel. Von beiden Kn\u00e4uelen habe ich noch 100g, nun f\u00fcr mich die Gretchenfrage: &#8222;Welcher soll es nun werden? Oder doch vielleicht beide gleichzeitig?&#8220; Eins ist auf alle F\u00e4lle sicher, ich mu\u00df mit doppeltem Faden stricken, da das Sockengarn viel d\u00fcnner als die Merino Wolle ist!<\/p>\n<p>Was meint Ihr, ein Dunkelblauen und einen grauen Faden gleichzeitig oder doch eher einfabig??? W\u00fcrde mich freuen, wenn Ihr mir bei der Entscheidung helfen w\u00fcrdet!<\/p>\n<img decoding=\"async\" src=\"http:\/\/lianeshobbywelt.de\/Liane.png\" >","protected":false},"excerpt":{"rendered":"<p>&#8230;leider irgendwie ins Stocken! \ud83d\ude41 &nbsp; So wie es aussieht reicht meine Wolle nicht mehr f\u00fcr das 3. Element! *grummel* &hellip; <a href=\"https:\/\/lianeshobbywelt.de\/?p=1348\" class=\"more-link\">Continue reading<span class=\"screen-reader-text\"> &#8222;Persephone kommt&#8230;&#8220;<\/span><\/a><\/p>\n<img decoding=\"async\" src=\"http:\/\/lianeshobbywelt.de\/Liane.png\" >","protected":false},"author":1,"featured_media":0,"comment_status":"open","ping_status":"open","sticky":false,"template":"","format":"standard","meta":{"footnotes":""},"categories":[3,12],"tags":[],"class_list":["post-1348","post","type-post","status-publish","format-standard","hentry","category-information","category-tuchschal"],"_links":{"self":[{"href":"https:\/\/lianeshobbywelt.de\/index.php?rest_route=\/wp\/v2\/posts\/1348","targetHints":{"allow":["GET"]}}],"collection":[{"href":"https:\/\/lianeshobbywelt.de\/index.php?rest_route=\/wp\/v2\/posts"}],"about":[{"href":"https:\/\/lianeshobbywelt.de\/index.php?rest_route=\/wp\/v2\/types\/post"}],"author":[{"embeddable":true,"href":"https:\/\/lianeshobbywelt.de\/index.php?rest_route=\/wp\/v2\/users\/1"}],"replies":[{"embeddable":true,"href":"https:\/\/lianeshobbywelt.de\/index.php?rest_route=%2Fwp%2Fv2%2Fcomments&post=1348"}],"version-history":[{"count":1,"href":"https:\/\/lianeshobbywelt.de\/index.php?rest_route=\/wp\/v2\/posts\/1348\/revisions"}],"predecessor-version":[{"id":1349,"href":"https:\/\/lianeshobbywelt.de\/index.php?rest_route=\/wp\/v2\/posts\/1348\/revisions\/1349"}],"wp:attachment":[{"href":"https:\/\/lianeshobbywelt.de\/index.php?rest_route=%2Fwp%2Fv2%2Fmedia&parent=1348"}],"wp:term":[{"taxonomy":"category","embeddable":true,"href":"https:\/\/lianeshobbywelt.de\/index.php?rest_route=%2Fwp%2Fv2%2Fcategories&post=1348"},{"taxonomy":"post_tag","embeddable":true,"href":"https:\/\/lianeshobbywelt.de\/index.php?rest_route=%2Fwp%2Fv2%2Ftags&post=1348"}],"curies":[{"name":"wp","href":"https:\/\/api.w.org\/{rel}","templated":true}]}}