{"id":2341,"date":"2013-01-24T11:05:45","date_gmt":"2013-01-24T10:05:45","guid":{"rendered":"http:\/\/www.lianeshobbywelt.de\/blog\/?p=2341"},"modified":"2018-03-09T13:03:50","modified_gmt":"2018-03-09T11:03:50","slug":"es-geht-voran","status":"publish","type":"post","link":"https:\/\/lianeshobbywelt.de\/?p=2341","title":{"rendered":"Es geht voran&#8230;"},"content":{"rendered":"<p><span style=\"font-family: verdana, geneva;\">&#8230;12f\u00fcr12 habe ich bis jetzt noch nicht abgeschlossen und viele Projekte liegen noch wartend in meinem Korb! <img decoding=\"async\" title=\"Cry\" src=\"http:\/\/www.lianeshobbywelt.de\/blog\/wp-content\/plugins\/ultimate-tinymce\/addons\/emotions\/img\/smiley-cry.gif\" alt=\"Cry\" border=\"0\" \/><\/span><\/p>\n<p><span style=\"font-family: verdana, geneva;\">Daf\u00fcr konnte ich jetzt aber meinen Kn\u00e4uel f\u00fcr den KAL 12f\u00fcr13 vernadeln.<\/span><\/p>\n<p><span style=\"font-family: verdana, geneva;\">Aus den ca. 76g habe ich mich f\u00fcr Kleinigkeiten entschieden, da mir die Wolle nicht wirklich zugesagt hat, daraus ist nun entstanden:<\/span><\/p>\n<p><span style=\"font-family: verdana, geneva;\">\u00a0<\/span><\/p>\n<p><span style=\"font-family: verdana, geneva;\">1. <a title=\"Knubbelchen\" href=\"http:\/\/www.ravelry.com\/patterns\/library\/knubbelchen\" target=\"_blank\" rel=\"noopener\">Knubbelchen<\/a> nach der Anleitung von pezi888 <span style=\"font-size: 10px;\">(Ravelry)\u00a0<\/span><\/span><\/p>\n<p style=\"text-align: center;\"><a href=\"http:\/\/lianeshobbywelt.de\/wp-content\/uploads\/2013\/01\/knubbelchen2.jpg\"><img loading=\"lazy\" decoding=\"async\" class=\"aligncenter size-medium wp-image-3339\" src=\"http:\/\/lianeshobbywelt.de\/wp-content\/uploads\/2013\/01\/knubbelchen2-239x300.jpg\" alt=\"\" width=\"239\" height=\"300\" srcset=\"https:\/\/lianeshobbywelt.de\/wp-content\/uploads\/2013\/01\/knubbelchen2-239x300.jpg 239w, https:\/\/lianeshobbywelt.de\/wp-content\/uploads\/2013\/01\/knubbelchen2.jpg 509w\" sizes=\"auto, (max-width: 239px) 100vw, 239px\" \/><\/a><\/p>\n<p><span style=\"font-family: verdana, geneva;\">Wobei mein Knubbelchen eher einen Knubbel entspricht. Die Wolle ist auf alle F\u00e4lle zu dick um \u00fcberhaupt Knoten in die Arme und Beine zu bekommen, er ist wohl eher ein Seelentr\u00f6ster! \ud83d\ude42 Eigentlich wolle ich die M\u00fctze einfarbig machen, irgend ein Garn was farblich gepasst h\u00e4tte, aber da ich noch Wolle \u00fcbrig hatte, bekam mein Knubbelchen eine gleichende M\u00fctze!<\/span><\/p>\n<p><span style=\"font-family: verdana, geneva;\">\u00a0<\/span><\/p>\n<p><span style=\"font-family: verdana, geneva;\">2. <a title=\"Spiral Scrubbie\" href=\"http:\/\/www.ravelry.com\/patterns\/library\/spiral-scrubbie\" target=\"_blank\" rel=\"noopener\">Spiral Scrubbie<\/a> nach der Anleitung von Judith Prindle <span style=\"font-size: 10px;\">(Ravelry)<\/span><\/span><\/p>\n<p style=\"text-align: center;\"><a href=\"http:\/\/lianeshobbywelt.de\/wp-content\/uploads\/2013\/01\/scrubbie.jpg\"><img loading=\"lazy\" decoding=\"async\" class=\"aligncenter size-medium wp-image-3340\" src=\"http:\/\/lianeshobbywelt.de\/wp-content\/uploads\/2013\/01\/scrubbie-300x258.jpg\" alt=\"\" width=\"300\" height=\"258\" srcset=\"https:\/\/lianeshobbywelt.de\/wp-content\/uploads\/2013\/01\/scrubbie-300x258.jpg 300w, https:\/\/lianeshobbywelt.de\/wp-content\/uploads\/2013\/01\/scrubbie-624x536.jpg 624w, https:\/\/lianeshobbywelt.de\/wp-content\/uploads\/2013\/01\/scrubbie.jpg 640w\" sizes=\"auto, (max-width: 300px) 100vw, 300px\" \/><\/a><\/p>\n<p><span style=\"font-family: verdana, geneva;\">Ob die Wolle daf\u00fcr geeignet ist? Denke eher nicht, doch lieber ein Scrubbie (und wenn es nur Deko ist) als die Wolle in den M\u00fcll zu werfen!<\/span><\/p>\n<p><span style=\"font-family: verdana, geneva;\">\u00a0<\/span><\/p>\n<p><span style=\"font-family: verdana, geneva;\">3. <a title=\"Bath Puff\" href=\"http:\/\/www.ravelry.com\/patterns\/library\/bath-puff\" target=\"_blank\" rel=\"noopener\">Bath Puff<\/a> nach der Anleitung von Priscilla Hewitt <span style=\"font-size: 10px;\">(Ravelry)<\/span> und der deutschen \u00dcbersetzung von\u00a0Kristin Benecken &#8222;<a href=\"http:\/\/www.von-stroh-zu-gold.de\/\" target=\"_blank\" rel=\"noopener\">von Stroh zu Gold<\/a>&#8222;<\/span><\/p>\n<p style=\"text-align: center;\"><a href=\"http:\/\/lianeshobbywelt.de\/wp-content\/uploads\/2013\/01\/bathpuff.jpg\"><img loading=\"lazy\" decoding=\"async\" class=\"aligncenter size-medium wp-image-3342\" src=\"http:\/\/lianeshobbywelt.de\/wp-content\/uploads\/2013\/01\/bathpuff-253x300.jpg\" alt=\"\" width=\"253\" height=\"300\" srcset=\"https:\/\/lianeshobbywelt.de\/wp-content\/uploads\/2013\/01\/bathpuff-253x300.jpg 253w, https:\/\/lianeshobbywelt.de\/wp-content\/uploads\/2013\/01\/bathpuff.jpg 539w\" sizes=\"auto, (max-width: 253px) 100vw, 253px\" \/><\/a><\/p>\n<p><span style=\"font-family: verdana, geneva;\">Ich habe statt 40 Lfm-B\u00f6gen nur 35 gemacht, weil ich die restlichen einfach nicht mehr da rein bekommen habe! Auch hier denke ich mal nicht, dass die Wolle f\u00fcr den Zweck geeignet ist, aber als Deko finde ich den Bath Puff richtig Klasse.<\/span><\/p>\n<p><span style=\"font-family: verdana, geneva;\">Da ich nun den Januar 12f\u00fcr13 abgeschlossen habe, kann ich mich wieder den Projekten 12f\u00fcr12 widmen. Hier nochmal alle auf einen Streich:<\/span><\/p>\n<p style=\"text-align: center;\"><a href=\"http:\/\/lianeshobbywelt.de\/wp-content\/uploads\/2013\/01\/12fuer13januar.jpg\"><img loading=\"lazy\" decoding=\"async\" class=\"aligncenter size-medium wp-image-3343\" src=\"http:\/\/lianeshobbywelt.de\/wp-content\/uploads\/2013\/01\/12fuer13januar-300x150.jpg\" alt=\"\" width=\"300\" height=\"150\" srcset=\"https:\/\/lianeshobbywelt.de\/wp-content\/uploads\/2013\/01\/12fuer13januar-300x150.jpg 300w, https:\/\/lianeshobbywelt.de\/wp-content\/uploads\/2013\/01\/12fuer13januar-624x312.jpg 624w, https:\/\/lianeshobbywelt.de\/wp-content\/uploads\/2013\/01\/12fuer13januar.jpg 640w\" sizes=\"auto, (max-width: 300px) 100vw, 300px\" \/><\/a><\/p>\n<p>&nbsp;<\/p>\n<p><span style=\"font-family: verdana, geneva;\">F\u00fcr den November habe ich mir jetzt nochmal die Anleitung f\u00fcr die <a title=\"Pimpelliese\" href=\"http:\/\/www.ravelry.com\/patterns\/library\/pimpelliese\" target=\"_blank\" rel=\"noopener\">Pimpelliese<\/a>\u00a0<span style=\"font-size: 10px;\">(Ravelry)<\/span> von Christine Ebers rausgesucht. Also mein November wird nun ein Tuch statt Socken! Und dieses Mal werde ich die Pimpelliese mit Perlen stricken. Habe noch etwas gr\u00f6\u00dfere Perlen in Rot gefunden. Mal sehen wie die Perlen zu der Wolle passen.<\/span><\/p>\n<p><span style=\"font-family: verdana, geneva;\">Hier nochmal mein November f\u00fcr 2012<\/span><\/p>\n<p style=\"text-align: center;\"><a href=\"http:\/\/lianeshobbywelt.de\/wp-content\/uploads\/2013\/01\/DSCF1156.jpg\"><img loading=\"lazy\" decoding=\"async\" class=\"aligncenter size-medium wp-image-3344\" src=\"http:\/\/lianeshobbywelt.de\/wp-content\/uploads\/2013\/01\/DSCF1156-300x201.jpg\" alt=\"\" width=\"300\" height=\"201\" srcset=\"https:\/\/lianeshobbywelt.de\/wp-content\/uploads\/2013\/01\/DSCF1156-300x201.jpg 300w, https:\/\/lianeshobbywelt.de\/wp-content\/uploads\/2013\/01\/DSCF1156-624x417.jpg 624w, https:\/\/lianeshobbywelt.de\/wp-content\/uploads\/2013\/01\/DSCF1156.jpg 640w\" sizes=\"auto, (max-width: 300px) 100vw, 300px\" \/><\/a><\/p>\n<p>&nbsp;<\/p>\n<p>Gestern Abend habe ich dann noch mit der Pimpelliese angefangen.<\/p>\n<p style=\"text-align: center;\"><a href=\"http:\/\/lianeshobbywelt.de\/wp-content\/uploads\/2013\/01\/pimpellieseStart.jpg\"><img loading=\"lazy\" decoding=\"async\" class=\"aligncenter size-medium wp-image-3345\" src=\"http:\/\/lianeshobbywelt.de\/wp-content\/uploads\/2013\/01\/pimpellieseStart-300x225.jpg\" alt=\"\" width=\"300\" height=\"225\" srcset=\"https:\/\/lianeshobbywelt.de\/wp-content\/uploads\/2013\/01\/pimpellieseStart-300x225.jpg 300w, https:\/\/lianeshobbywelt.de\/wp-content\/uploads\/2013\/01\/pimpellieseStart-624x468.jpg 624w, https:\/\/lianeshobbywelt.de\/wp-content\/uploads\/2013\/01\/pimpellieseStart.jpg 640w\" sizes=\"auto, (max-width: 300px) 100vw, 300px\" \/><\/a><\/p>\n<p>&nbsp;<\/p>\n<p style=\"text-align: left;\"><span style=\"font-family: verdana, geneva;\">Ich w\u00fcnsche Euch allen einen wundersch\u00f6nen Tag!<\/span><\/p>\n<img decoding=\"async\" src=\"http:\/\/lianeshobbywelt.de\/Liane.png\" >","protected":false},"excerpt":{"rendered":"<p>&#8230;12f\u00fcr12 habe ich bis jetzt noch nicht abgeschlossen und viele Projekte liegen noch wartend in meinem Korb! Daf\u00fcr konnte ich &hellip; <a href=\"https:\/\/lianeshobbywelt.de\/?p=2341\" class=\"more-link\">Continue reading<span class=\"screen-reader-text\"> &#8222;Es geht voran&#8230;&#8220;<\/span><\/a><\/p>\n<img decoding=\"async\" src=\"http:\/\/lianeshobbywelt.de\/Liane.png\" >","protected":false},"author":1,"featured_media":0,"comment_status":"open","ping_status":"open","sticky":false,"template":"","format":"standard","meta":{"footnotes":""},"categories":[28,37,5,25,6],"tags":[],"class_list":["post-2341","post","type-post","status-publish","format-standard","hentry","category-12fur12","category-12fur13","category-hakeln","category-rest-end-ideen","category-stricken"],"_links":{"self":[{"href":"https:\/\/lianeshobbywelt.de\/index.php?rest_route=\/wp\/v2\/posts\/2341","targetHints":{"allow":["GET"]}}],"collection":[{"href":"https:\/\/lianeshobbywelt.de\/index.php?rest_route=\/wp\/v2\/posts"}],"about":[{"href":"https:\/\/lianeshobbywelt.de\/index.php?rest_route=\/wp\/v2\/types\/post"}],"author":[{"embeddable":true,"href":"https:\/\/lianeshobbywelt.de\/index.php?rest_route=\/wp\/v2\/users\/1"}],"replies":[{"embeddable":true,"href":"https:\/\/lianeshobbywelt.de\/index.php?rest_route=%2Fwp%2Fv2%2Fcomments&post=2341"}],"version-history":[{"count":9,"href":"https:\/\/lianeshobbywelt.de\/index.php?rest_route=\/wp\/v2\/posts\/2341\/revisions"}],"predecessor-version":[{"id":3346,"href":"https:\/\/lianeshobbywelt.de\/index.php?rest_route=\/wp\/v2\/posts\/2341\/revisions\/3346"}],"wp:attachment":[{"href":"https:\/\/lianeshobbywelt.de\/index.php?rest_route=%2Fwp%2Fv2%2Fmedia&parent=2341"}],"wp:term":[{"taxonomy":"category","embeddable":true,"href":"https:\/\/lianeshobbywelt.de\/index.php?rest_route=%2Fwp%2Fv2%2Fcategories&post=2341"},{"taxonomy":"post_tag","embeddable":true,"href":"https:\/\/lianeshobbywelt.de\/index.php?rest_route=%2Fwp%2Fv2%2Ftags&post=2341"}],"curies":[{"name":"wp","href":"https:\/\/api.w.org\/{rel}","templated":true}]}}