{"id":236,"date":"2011-09-23T11:06:00","date_gmt":"2011-09-23T11:06:00","guid":{"rendered":"http:\/\/www.lianeshobbywelt.de\/blog\/?p=236"},"modified":"2011-09-23T11:06:00","modified_gmt":"2011-09-23T11:06:00","slug":"uber-die-regenbogenbrucke","status":"publish","type":"post","link":"https:\/\/lianeshobbywelt.de\/?p=236","title":{"rendered":"\u00dcber die Regenbogenbr\u00fccke&#8230;"},"content":{"rendered":"<p>&#8230;ist unsere kleine Blacky in der Nacht von Dienstag auf Mittwoch gegangen!<\/p>\n<div class=\"separator\" style=\"clear: both; text-align: center;\"><a href=\"http:\/\/1.bp.blogspot.com\/-XZb4IHNWODg\/TgTl3bHSgMI\/AAAAAAAAA0U\/wTBAgOM9Cxs\/s1600\/DSC_7793.JPG\" imageanchor=\"1\" style=\"margin-left: 1em; margin-right: 1em;\"><img loading=\"lazy\" decoding=\"async\" border=\"0\" height=\"214\" src=\"http:\/\/1.bp.blogspot.com\/-XZb4IHNWODg\/TgTl3bHSgMI\/AAAAAAAAA0U\/wTBAgOM9Cxs\/s320\/DSC_7793.JPG\" width=\"320\" \/><\/a><\/div>\n<p>Blacky wurde leider nur 5 Monate alt! Warum, wieso, weshalb Blacky so fr\u00fch \u00fcber die Regenbogenbr\u00fccke gehoppelt ist, werden wir nie erfahren! Wir vermissen sie sehr und Silver trauert sehr um seine Lebensgef\u00e4hrtin!<\/p>\n<div align=\"center\"><span style=\"font-family: Monotype Corsiva; font-size: small;\">&nbsp;<span style=\"color: red;\">Die Regenbogenbr\u00fccke<\/span><\/span><\/div>\n<div align=\"center\"><span style=\"font-family: Monotype Corsiva; font-size: small;\">Es gibt eine Br\u00fccke,die den Himmel und die Erde verbindet.<br \/>Weil sie so viele Farben hat, nennt man sie die Regenbogenbr\u00fccke.<br \/>Auf der jenseitigen Seite der Br\u00fccke liegt ein wundersch\u00f6nes Land<br \/>mit bl\u00fchenden Wiesen, mit saftigem gr\u00fcnen Gras und traumhaften W\u00e4ldern.<br \/>Wenn ein geliebtes Tier die Erde f\u00fcr immer verlassen mu\u00df,<br \/>gelangt es zu diesem wundervollen Ort.<br \/>Dort gibt es immer reichlich zu fressen und zu trinken,<br \/>und das Wetter ist immer so sch\u00f6n und warm wie im Fr\u00fchling.<br \/>Die alten Tiere werden dort wieder jung und die kranken Tiere wieder gesund.<br \/>Den ganzen Tag toben sie vergn\u00fcgt zusammen herum.<\/p>\n<p>Nur eines fehlt ihnen zu ihrem vollkommenen Gl\u00fcck:<br \/>Sie sind nicht mit ihren Menschen zusammen, die sie auf der Erde so geliebthaben.<\/p>\n<p>So rennen und spielen sie jeden Tag miteinander,<br \/>bis eines Tages eines von ihnen pl\u00f6tzlich inneh\u00e4lt und gespannt aufsieht.<br \/>Seine Nase nimmt Witterung auf, seine Ohren stellen sich auf,<br \/>und die Augen werden ganz gro\u00df.<\/p>\n<p>Es tritt aus der Gruppe heraus und rennt dann los \u00fcber das gr\u00fcne Gras.<br \/>Es wird schneller und schneller, denn es hat Dich gesehen!<\/p>\n<p>Und wenn Du und Dein geliebtes Tier sich treffen,<br \/>gibt es eine Wiedersehensfreude, die nicht enden will.<br \/>Du nimmst es in Deine Arme und h\u00e4ltst es fest umschlungen.<br \/>Dein Gesicht wird wieder und wieder von ihm gek\u00fc\u00dft,<br \/>deine H\u00e4nde streicheln \u00fcber sein sch\u00f6nes weiches Fell,<br \/>und Du siehst endlich wieder in die Augen Deines geliebten Freundes,<br \/>der so lange aus Deinem Leben verschwunden war,&nbsp;<\/span><\/div>\n<div align=\"center\"><span style=\"font-family: Monotype Corsiva; font-size: large;\"><span style=\"font-size: small;\"> aber niemals aus Deinem Herzen.<\/p>\n<p>Dann \u00fcberquert ihr gemeinsam die Regenbogenbr\u00fccke<br \/>und werdet von nun an niemals mehr getrennt sein&#8230;<br \/><\/span><br \/><\/span><span style=\"font-family: Monotype Corsiva; font-size: medium;\"><span style=\"font-size: x-small;\">(Autor des Originals Paul C. Dahm, \u00dcbersetzung aus dem Amerikanischen vonCarmen St\u00e4bler)<\/span><\/span><\/div>\n<p>Wir w\u00fcnschen unserer Blacky alles nur erdenklich sch\u00f6ne und sind froh, dass wir sie diese kurze Zeit begleiten durften!<\/p>\n<p>Liebe Gr\u00fc\u00dfe Eure<\/p>\n<p><a href=\"http:\/\/www.mylivesignature.com\/\" target=\"_blank\"><img decoding=\"async\" border=\"0\" src=\"http:\/\/signatures.mylivesignature.com\/85885\/lissy73\/fcf01e28fc80fb146d429729e104eff5.png\" style=\"background: transparent; border: 0 !important;\" \/><\/a><\/p>\n<p><a href=\"http:\/\/www.smilieportal.de\/\"><img decoding=\"async\" src=\"http:\/\/www.smilieportal.de\/smilies\/haushalt\/49.gif\" \/><\/a><\/p>\n<img decoding=\"async\" src=\"http:\/\/lianeshobbywelt.de\/Liane.png\" >","protected":false},"excerpt":{"rendered":"<p>&#8230;ist unsere kleine Blacky in der Nacht von Dienstag auf Mittwoch gegangen! Blacky wurde leider nur 5 Monate alt! Warum, &hellip; <a href=\"https:\/\/lianeshobbywelt.de\/?p=236\" class=\"more-link\">Continue reading<span class=\"screen-reader-text\"> &#8222;\u00dcber die Regenbogenbr\u00fccke&#8230;&#8220;<\/span><\/a><\/p>\n<img decoding=\"async\" src=\"http:\/\/lianeshobbywelt.de\/Liane.png\" >","protected":false},"author":1,"featured_media":0,"comment_status":"open","ping_status":"open","sticky":false,"template":"","format":"standard","meta":{"footnotes":""},"categories":[9],"tags":[],"class_list":["post-236","post","type-post","status-publish","format-standard","hentry","category-tiere"],"_links":{"self":[{"href":"https:\/\/lianeshobbywelt.de\/index.php?rest_route=\/wp\/v2\/posts\/236","targetHints":{"allow":["GET"]}}],"collection":[{"href":"https:\/\/lianeshobbywelt.de\/index.php?rest_route=\/wp\/v2\/posts"}],"about":[{"href":"https:\/\/lianeshobbywelt.de\/index.php?rest_route=\/wp\/v2\/types\/post"}],"author":[{"embeddable":true,"href":"https:\/\/lianeshobbywelt.de\/index.php?rest_route=\/wp\/v2\/users\/1"}],"replies":[{"embeddable":true,"href":"https:\/\/lianeshobbywelt.de\/index.php?rest_route=%2Fwp%2Fv2%2Fcomments&post=236"}],"version-history":[{"count":0,"href":"https:\/\/lianeshobbywelt.de\/index.php?rest_route=\/wp\/v2\/posts\/236\/revisions"}],"wp:attachment":[{"href":"https:\/\/lianeshobbywelt.de\/index.php?rest_route=%2Fwp%2Fv2%2Fmedia&parent=236"}],"wp:term":[{"taxonomy":"category","embeddable":true,"href":"https:\/\/lianeshobbywelt.de\/index.php?rest_route=%2Fwp%2Fv2%2Fcategories&post=236"},{"taxonomy":"post_tag","embeddable":true,"href":"https:\/\/lianeshobbywelt.de\/index.php?rest_route=%2Fwp%2Fv2%2Ftags&post=236"}],"curies":[{"name":"wp","href":"https:\/\/api.w.org\/{rel}","templated":true}]}}