{"id":2363,"date":"2013-02-04T23:33:01","date_gmt":"2013-02-04T22:33:01","guid":{"rendered":"http:\/\/www.lianeshobbywelt.de\/blog\/?p=2363"},"modified":"2018-03-09T12:47:42","modified_gmt":"2018-03-09T10:47:42","slug":"neues-aus-dem-strickkorb","status":"publish","type":"post","link":"https:\/\/lianeshobbywelt.de\/?p=2363","title":{"rendered":"Neues aus dem Strickkorb&#8230;"},"content":{"rendered":"<p>&#8230;mit ein paar Bildern f\u00fcr Euch!<\/p>\n<p>&nbsp;<\/p>\n<p>Aus den Projekten 12f\u00fcr12 habe ich zwei Anstrickbilder f\u00fcr Euch. Zum einen f\u00fcr den Monat August mit meinem Strang von Frau Wo aus Po habe ich den Flu\u00df des Lebens angestrickt<\/p>\n<p>&nbsp;<\/p>\n<p style=\"text-align: center;\"><a href=\"http:\/\/lianeshobbywelt.de\/wp-content\/uploads\/2013\/02\/DSC_1082_2.jpg\"><img loading=\"lazy\" decoding=\"async\" class=\"aligncenter size-medium wp-image-3328\" src=\"http:\/\/lianeshobbywelt.de\/wp-content\/uploads\/2013\/02\/DSC_1082_2-300x171.jpg\" alt=\"\" width=\"300\" height=\"171\" srcset=\"https:\/\/lianeshobbywelt.de\/wp-content\/uploads\/2013\/02\/DSC_1082_2-300x171.jpg 300w, https:\/\/lianeshobbywelt.de\/wp-content\/uploads\/2013\/02\/DSC_1082_2-768x437.jpg 768w, https:\/\/lianeshobbywelt.de\/wp-content\/uploads\/2013\/02\/DSC_1082_2-1024x583.jpg 1024w, https:\/\/lianeshobbywelt.de\/wp-content\/uploads\/2013\/02\/DSC_1082_2-624x355.jpg 624w, https:\/\/lianeshobbywelt.de\/wp-content\/uploads\/2013\/02\/DSC_1082_2.jpg 1696w\" sizes=\"auto, (max-width: 300px) 100vw, 300px\" \/><\/a><\/p>\n<p style=\"text-align: left;\">F\u00fcr den Monat November habe ich eine Pimpelliese angestrickt. Dieses mal mu\u00df ich auch nicht wiegen, da ich zwei Kn\u00e4uel habe. Jetzt kann ich einfach den ersten Kn\u00e4uel fertig stricken und dann mit dem zweiten Kn\u00e4uel einfach mit der Abnahme beginnen. Naja, den ersten Kn\u00e4uel habe ich bald leer<\/p>\n<p style=\"text-align: center;\"><a href=\"http:\/\/lianeshobbywelt.de\/wp-content\/uploads\/2013\/02\/DSC_1075.jpg\"><img loading=\"lazy\" decoding=\"async\" class=\"aligncenter size-medium wp-image-3330\" src=\"http:\/\/lianeshobbywelt.de\/wp-content\/uploads\/2013\/02\/DSC_1075-300x201.jpg\" alt=\"\" width=\"300\" height=\"201\" srcset=\"https:\/\/lianeshobbywelt.de\/wp-content\/uploads\/2013\/02\/DSC_1075-300x201.jpg 300w, https:\/\/lianeshobbywelt.de\/wp-content\/uploads\/2013\/02\/DSC_1075-768x514.jpg 768w, https:\/\/lianeshobbywelt.de\/wp-content\/uploads\/2013\/02\/DSC_1075-1024x685.jpg 1024w, https:\/\/lianeshobbywelt.de\/wp-content\/uploads\/2013\/02\/DSC_1075-624x418.jpg 624w\" sizes=\"auto, (max-width: 300px) 100vw, 300px\" \/><\/a><\/p>\n<p style=\"text-align: left;\">Mein Herrenschal f\u00fcr meinen Papa w\u00e4chst auch langsam an. Ich kann Euch sagen, dass zweifarbige Patent h\u00e4lt doch ganz sch\u00f6n auf. Aber ich bin vom Effekt einfach begeistert<\/p>\n<p style=\"text-align: center;\"><a href=\"http:\/\/lianeshobbywelt.de\/wp-content\/uploads\/2013\/02\/HerrenschalAngestrickt.jpg\"><img loading=\"lazy\" decoding=\"async\" class=\"aligncenter size-medium wp-image-3332\" src=\"http:\/\/lianeshobbywelt.de\/wp-content\/uploads\/2013\/02\/HerrenschalAngestrickt-300x208.jpg\" alt=\"\" width=\"300\" height=\"208\" srcset=\"https:\/\/lianeshobbywelt.de\/wp-content\/uploads\/2013\/02\/HerrenschalAngestrickt-300x208.jpg 300w, https:\/\/lianeshobbywelt.de\/wp-content\/uploads\/2013\/02\/HerrenschalAngestrickt-624x432.jpg 624w, https:\/\/lianeshobbywelt.de\/wp-content\/uploads\/2013\/02\/HerrenschalAngestrickt.jpg 640w\" sizes=\"auto, (max-width: 300px) 100vw, 300px\" \/><\/a><\/p>\n<p style=\"text-align: left;\">Zu guter letzt habe ich noch ein Anstrickbild f\u00fcr das Projekt 12f\u00fcr13! Da ich den Januar erfolgreich beendet habe, bin ich nun am Februar dran. 2 Kn\u00e4uel Sockewolle der Fa. Gr\u00fcndl gilt es nun hier zu verstricken. Socken hatte ich keine wirklich Lust, vor allem weil ich noch 3 Paar Socken auf den Nadeln habe! \ud83d\ude41 Da ich im Moment total im Schal und Tuch stricken bin, habe ich eine Kombination gew\u00e4hlt.<\/p>\n<p style=\"text-align: left;\">Ich m\u00f6chte Euch hier meinen DragonTail-Scarf vorstellen. Es ist eine Kombination aus der Pimpelliese und einem Steckschal. Die Anleitung daf\u00fcr habe ich fast fertig geschrieben und dann gebe ich diese zum Probestricken. Bin mal gespannt wie Euch mein DragonTail-Scarf gef\u00e4llt, wenn er dann endlich fertig ist. Hier aber erstmal das erste Bild f\u00fcr Euch<\/p>\n<p style=\"text-align: center;\"><a href=\"http:\/\/lianeshobbywelt.de\/wp-content\/uploads\/2013\/02\/dragontailscarf_1.jpg\"><img loading=\"lazy\" decoding=\"async\" class=\"aligncenter size-medium wp-image-3333\" src=\"http:\/\/lianeshobbywelt.de\/wp-content\/uploads\/2013\/02\/dragontailscarf_1-300x209.jpg\" alt=\"\" width=\"300\" height=\"209\" srcset=\"https:\/\/lianeshobbywelt.de\/wp-content\/uploads\/2013\/02\/dragontailscarf_1-300x209.jpg 300w, https:\/\/lianeshobbywelt.de\/wp-content\/uploads\/2013\/02\/dragontailscarf_1-624x434.jpg 624w, https:\/\/lianeshobbywelt.de\/wp-content\/uploads\/2013\/02\/dragontailscarf_1.jpg 640w\" sizes=\"auto, (max-width: 300px) 100vw, 300px\" \/><\/a><\/p>\n<p style=\"text-align: left;\">Ich w\u00fcnsche Euch noch einen wundersch\u00f6nen Abend.<\/p>\n<p style=\"text-align: left;\">\n<img decoding=\"async\" src=\"http:\/\/lianeshobbywelt.de\/Liane.png\" >","protected":false},"excerpt":{"rendered":"<p>&#8230;mit ein paar Bildern f\u00fcr Euch! &nbsp; Aus den Projekten 12f\u00fcr12 habe ich zwei Anstrickbilder f\u00fcr Euch. Zum einen f\u00fcr &hellip; <a href=\"https:\/\/lianeshobbywelt.de\/?p=2363\" class=\"more-link\">Continue reading<span class=\"screen-reader-text\"> &#8222;Neues aus dem Strickkorb&#8230;&#8220;<\/span><\/a><\/p>\n<img decoding=\"async\" src=\"http:\/\/lianeshobbywelt.de\/Liane.png\" >","protected":false},"author":1,"featured_media":0,"comment_status":"open","ping_status":"open","sticky":false,"template":"","format":"standard","meta":{"footnotes":""},"categories":[28,37,12],"tags":[],"class_list":["post-2363","post","type-post","status-publish","format-standard","hentry","category-12fur12","category-12fur13","category-tuchschal"],"_links":{"self":[{"href":"https:\/\/lianeshobbywelt.de\/index.php?rest_route=\/wp\/v2\/posts\/2363","targetHints":{"allow":["GET"]}}],"collection":[{"href":"https:\/\/lianeshobbywelt.de\/index.php?rest_route=\/wp\/v2\/posts"}],"about":[{"href":"https:\/\/lianeshobbywelt.de\/index.php?rest_route=\/wp\/v2\/types\/post"}],"author":[{"embeddable":true,"href":"https:\/\/lianeshobbywelt.de\/index.php?rest_route=\/wp\/v2\/users\/1"}],"replies":[{"embeddable":true,"href":"https:\/\/lianeshobbywelt.de\/index.php?rest_route=%2Fwp%2Fv2%2Fcomments&post=2363"}],"version-history":[{"count":4,"href":"https:\/\/lianeshobbywelt.de\/index.php?rest_route=\/wp\/v2\/posts\/2363\/revisions"}],"predecessor-version":[{"id":3334,"href":"https:\/\/lianeshobbywelt.de\/index.php?rest_route=\/wp\/v2\/posts\/2363\/revisions\/3334"}],"wp:attachment":[{"href":"https:\/\/lianeshobbywelt.de\/index.php?rest_route=%2Fwp%2Fv2%2Fmedia&parent=2363"}],"wp:term":[{"taxonomy":"category","embeddable":true,"href":"https:\/\/lianeshobbywelt.de\/index.php?rest_route=%2Fwp%2Fv2%2Fcategories&post=2363"},{"taxonomy":"post_tag","embeddable":true,"href":"https:\/\/lianeshobbywelt.de\/index.php?rest_route=%2Fwp%2Fv2%2Ftags&post=2363"}],"curies":[{"name":"wp","href":"https:\/\/api.w.org\/{rel}","templated":true}]}}