{"id":2401,"date":"2013-03-12T11:24:56","date_gmt":"2013-03-12T10:24:56","guid":{"rendered":"http:\/\/www.lianeshobbywelt.de\/blog\/?p=2401"},"modified":"2018-03-09T11:41:06","modified_gmt":"2018-03-09T09:41:06","slug":"12fur13-endlich-ist","status":"publish","type":"post","link":"https:\/\/lianeshobbywelt.de\/?p=2401","title":{"rendered":"12f\u00fcr13 endlich ist&#8230;"},"content":{"rendered":"<p><span style=\"font-family: verdana, geneva;\">&#8230;der Februar auch fertig.<\/span><\/p>\n<p><span style=\"font-family: verdana, geneva;\">Schon am 25. Februar wurde die neue Nummer f\u00fcr den M\u00e4rz gezogen und bekannt gegeben und mein Februar war immer noch nicht fertig gestellt.<\/span><\/p>\n<p><span style=\"font-family: verdana, geneva;\">F\u00fcr M\u00e4rz ist nun die Nummer 8 an der Reihe, bei mir wieder mal ein ganz unspektakul\u00e4res etwas.<\/span><\/p>\n<p><span style=\"font-family: verdana, geneva;\">\u00a0<\/span><\/p>\n<p style=\"text-align: center;\"><a href=\"http:\/\/lianeshobbywelt.de\/wp-content\/uploads\/2013\/03\/DSCF1284.jpg\"><img loading=\"lazy\" decoding=\"async\" class=\"aligncenter size-medium wp-image-3312\" src=\"http:\/\/lianeshobbywelt.de\/wp-content\/uploads\/2013\/03\/DSCF1284-300x200.jpg\" alt=\"\" width=\"300\" height=\"200\" srcset=\"https:\/\/lianeshobbywelt.de\/wp-content\/uploads\/2013\/03\/DSCF1284-300x200.jpg 300w, https:\/\/lianeshobbywelt.de\/wp-content\/uploads\/2013\/03\/DSCF1284-768x513.jpg 768w, https:\/\/lianeshobbywelt.de\/wp-content\/uploads\/2013\/03\/DSCF1284-1024x684.jpg 1024w, https:\/\/lianeshobbywelt.de\/wp-content\/uploads\/2013\/03\/DSCF1284-624x417.jpg 624w\" sizes=\"auto, (max-width: 300px) 100vw, 300px\" \/><\/a><\/p>\n<p><span style=\"font-family: verdana, geneva;\">\u00a0<\/span><\/p>\n<p><span style=\"font-family: verdana, geneva;\">100g Sockenwolle von Gr\u00fcndl aus dem Herbstsortiment von A..i! Was ich daraus nadeln soll??? Ich wei\u00df es einfach noch nicht. Auf Socken habe ich im Moment \u00fcberhaupt keine Lust, vor allem da ich immer noch 3 angefangene auf den Nadeln habe. Ich werde mal schauen was letztendlich daraus wird.<\/span><\/p>\n<p><span style=\"font-family: verdana, geneva;\">\u00a0<\/span><\/p>\n<p><span style=\"font-family: verdana, geneva;\">Aber nun zu meinem Februar. Mein Dragontailscarf ist endlich fertig. Ich bin mit dem Ergebnis wirklich zufrieden. Ich hoffe Euch gef\u00e4llt mein Dragontailscarf auch, w\u00fcrde mich auf alle F\u00e4lle \u00fcber Euer Feedback freuen.<\/span><\/p>\n<p><span style=\"font-family: verdana, geneva;\">\u00a0<\/span><\/p>\n<p style=\"text-align: center;\"><a href=\"http:\/\/lianeshobbywelt.de\/wp-content\/uploads\/2018\/02\/Dragontailscarf.jpg\"><img loading=\"lazy\" decoding=\"async\" class=\"aligncenter size-medium wp-image-3163\" src=\"http:\/\/lianeshobbywelt.de\/wp-content\/uploads\/2018\/02\/Dragontailscarf-300x300.jpg\" alt=\"\" width=\"300\" height=\"300\" srcset=\"https:\/\/lianeshobbywelt.de\/wp-content\/uploads\/2018\/02\/Dragontailscarf-300x300.jpg 300w, https:\/\/lianeshobbywelt.de\/wp-content\/uploads\/2018\/02\/Dragontailscarf-150x150.jpg 150w, https:\/\/lianeshobbywelt.de\/wp-content\/uploads\/2018\/02\/Dragontailscarf-624x624.jpg 624w, https:\/\/lianeshobbywelt.de\/wp-content\/uploads\/2018\/02\/Dragontailscarf.jpg 640w\" sizes=\"auto, (max-width: 300px) 100vw, 300px\" \/><\/a><\/p>\n<p><span style=\"font-family: verdana, geneva;\">Mein Verbrauch waren knapp 90g. Die Anleitung habe ich schon fast fertig. Fehlt nur noch ein Foto und eine\u00a0Variante des Schals, die mir aber erst beim Fotographieren eingefallen ist.\u00a0Na ihr werdet es dann sehen, wenn Ihr Interesse daran habt und Euch die Anleitung runterladet.<\/span><\/p>\n<p><span style=\"font-family: verdana, geneva;\">Ich w\u00fcnsche Euch auf alle F\u00e4lle ganz viel Spa\u00df beim Nacharbeiten, wenn Ihr das m\u00f6chtet. Auf alle F\u00e4lle w\u00fcrde mich \u00fcber Bilder, Verlinkungen und Euer Feedback freuen.<\/span><\/p>\n<img decoding=\"async\" src=\"http:\/\/lianeshobbywelt.de\/Liane.png\" >","protected":false},"excerpt":{"rendered":"<p>&#8230;der Februar auch fertig. Schon am 25. Februar wurde die neue Nummer f\u00fcr den M\u00e4rz gezogen und bekannt gegeben und &hellip; <a href=\"https:\/\/lianeshobbywelt.de\/?p=2401\" class=\"more-link\">Continue reading<span class=\"screen-reader-text\"> &#8222;12f\u00fcr13 endlich ist&#8230;&#8220;<\/span><\/a><\/p>\n<img decoding=\"async\" src=\"http:\/\/lianeshobbywelt.de\/Liane.png\" >","protected":false},"author":1,"featured_media":0,"comment_status":"open","ping_status":"open","sticky":false,"template":"","format":"standard","meta":{"footnotes":""},"categories":[37,6,12],"tags":[],"class_list":["post-2401","post","type-post","status-publish","format-standard","hentry","category-12fur13","category-stricken","category-tuchschal"],"_links":{"self":[{"href":"https:\/\/lianeshobbywelt.de\/index.php?rest_route=\/wp\/v2\/posts\/2401","targetHints":{"allow":["GET"]}}],"collection":[{"href":"https:\/\/lianeshobbywelt.de\/index.php?rest_route=\/wp\/v2\/posts"}],"about":[{"href":"https:\/\/lianeshobbywelt.de\/index.php?rest_route=\/wp\/v2\/types\/post"}],"author":[{"embeddable":true,"href":"https:\/\/lianeshobbywelt.de\/index.php?rest_route=\/wp\/v2\/users\/1"}],"replies":[{"embeddable":true,"href":"https:\/\/lianeshobbywelt.de\/index.php?rest_route=%2Fwp%2Fv2%2Fcomments&post=2401"}],"version-history":[{"count":5,"href":"https:\/\/lianeshobbywelt.de\/index.php?rest_route=\/wp\/v2\/posts\/2401\/revisions"}],"predecessor-version":[{"id":3315,"href":"https:\/\/lianeshobbywelt.de\/index.php?rest_route=\/wp\/v2\/posts\/2401\/revisions\/3315"}],"wp:attachment":[{"href":"https:\/\/lianeshobbywelt.de\/index.php?rest_route=%2Fwp%2Fv2%2Fmedia&parent=2401"}],"wp:term":[{"taxonomy":"category","embeddable":true,"href":"https:\/\/lianeshobbywelt.de\/index.php?rest_route=%2Fwp%2Fv2%2Fcategories&post=2401"},{"taxonomy":"post_tag","embeddable":true,"href":"https:\/\/lianeshobbywelt.de\/index.php?rest_route=%2Fwp%2Fv2%2Ftags&post=2401"}],"curies":[{"name":"wp","href":"https:\/\/api.w.org\/{rel}","templated":true}]}}