{"id":2425,"date":"2013-03-18T12:11:10","date_gmt":"2013-03-18T11:11:10","guid":{"rendered":"http:\/\/www.lianeshobbywelt.de\/blog\/?p=2425"},"modified":"2018-03-09T11:27:38","modified_gmt":"2018-03-09T09:27:38","slug":"herrenschal-fur-meinen-papa","status":"publish","type":"post","link":"https:\/\/lianeshobbywelt.de\/?p=2425","title":{"rendered":"Herrenschal f\u00fcr meinen Papa&#8230;"},"content":{"rendered":"<p><span style=\"font-family: verdana, geneva;\">&#8230;musste unbedingt noch zum Geburtstag fertig werden.<\/span><\/p>\n<p>&nbsp;<\/p>\n<p><span style=\"font-family: verdana, geneva;\">Einen Tag vorher (also am 14.03.) habe ich dann auch den Schal f\u00fcr meinen Papa fertig bekommen. Gestrickt habe ich den Schal in einem zweifarbigen Patentmuster, mit den Farben grau und schwarz. F\u00fcr die Breite habe ich 56 Maschen angeschlagen und insgesamt je Farbe 100g verbraucht.<\/span><\/p>\n<p>&nbsp;<\/p>\n<p style=\"text-align: center;\"><a href=\"http:\/\/lianeshobbywelt.de\/wp-content\/uploads\/2013\/03\/Herrenschal.jpg\"><img loading=\"lazy\" decoding=\"async\" class=\"aligncenter size-medium wp-image-3300\" src=\"http:\/\/lianeshobbywelt.de\/wp-content\/uploads\/2013\/03\/Herrenschal-300x300.jpg\" alt=\"\" width=\"300\" height=\"300\" srcset=\"https:\/\/lianeshobbywelt.de\/wp-content\/uploads\/2013\/03\/Herrenschal-300x300.jpg 300w, https:\/\/lianeshobbywelt.de\/wp-content\/uploads\/2013\/03\/Herrenschal-150x150.jpg 150w, https:\/\/lianeshobbywelt.de\/wp-content\/uploads\/2013\/03\/Herrenschal-768x768.jpg 768w, https:\/\/lianeshobbywelt.de\/wp-content\/uploads\/2013\/03\/Herrenschal-1024x1024.jpg 1024w, https:\/\/lianeshobbywelt.de\/wp-content\/uploads\/2013\/03\/Herrenschal-624x624.jpg 624w, https:\/\/lianeshobbywelt.de\/wp-content\/uploads\/2013\/03\/Herrenschal.jpg 2000w\" sizes=\"auto, (max-width: 300px) 100vw, 300px\" \/><\/a><\/p>\n<p style=\"text-align: left;\"><span style=\"font-family: verdana, geneva;\">Der Schal ist etwas breit geworden, daher sieht es nicht so sch\u00f6n aus, wenn er in einer Schlaufe um den Hals gelegt wird. Trotzdem h\u00e4lt er meinen Papa den n\u00e4chsten Winter sch\u00f6n warm!<\/span><\/p>\n<p style=\"text-align: left;\"><span style=\"font-family: verdana, geneva; font-size: 14px;\">Fazit&#8230;der n\u00e4chste Winter kann kommen!!!<\/span><\/p>\n<p style=\"text-align: left;\">\n<img decoding=\"async\" src=\"http:\/\/lianeshobbywelt.de\/Liane.png\" >","protected":false},"excerpt":{"rendered":"<p>&#8230;musste unbedingt noch zum Geburtstag fertig werden. &nbsp; Einen Tag vorher (also am 14.03.) habe ich dann auch den Schal &hellip; <a href=\"https:\/\/lianeshobbywelt.de\/?p=2425\" class=\"more-link\">Continue reading<span class=\"screen-reader-text\"> &#8222;Herrenschal f\u00fcr meinen Papa&#8230;&#8220;<\/span><\/a><\/p>\n<img decoding=\"async\" src=\"http:\/\/lianeshobbywelt.de\/Liane.png\" >","protected":false},"author":1,"featured_media":0,"comment_status":"open","ping_status":"open","sticky":false,"template":"","format":"standard","meta":{"footnotes":""},"categories":[6,12],"tags":[],"class_list":["post-2425","post","type-post","status-publish","format-standard","hentry","category-stricken","category-tuchschal"],"_links":{"self":[{"href":"https:\/\/lianeshobbywelt.de\/index.php?rest_route=\/wp\/v2\/posts\/2425","targetHints":{"allow":["GET"]}}],"collection":[{"href":"https:\/\/lianeshobbywelt.de\/index.php?rest_route=\/wp\/v2\/posts"}],"about":[{"href":"https:\/\/lianeshobbywelt.de\/index.php?rest_route=\/wp\/v2\/types\/post"}],"author":[{"embeddable":true,"href":"https:\/\/lianeshobbywelt.de\/index.php?rest_route=\/wp\/v2\/users\/1"}],"replies":[{"embeddable":true,"href":"https:\/\/lianeshobbywelt.de\/index.php?rest_route=%2Fwp%2Fv2%2Fcomments&post=2425"}],"version-history":[{"count":3,"href":"https:\/\/lianeshobbywelt.de\/index.php?rest_route=\/wp\/v2\/posts\/2425\/revisions"}],"predecessor-version":[{"id":3301,"href":"https:\/\/lianeshobbywelt.de\/index.php?rest_route=\/wp\/v2\/posts\/2425\/revisions\/3301"}],"wp:attachment":[{"href":"https:\/\/lianeshobbywelt.de\/index.php?rest_route=%2Fwp%2Fv2%2Fmedia&parent=2425"}],"wp:term":[{"taxonomy":"category","embeddable":true,"href":"https:\/\/lianeshobbywelt.de\/index.php?rest_route=%2Fwp%2Fv2%2Fcategories&post=2425"},{"taxonomy":"post_tag","embeddable":true,"href":"https:\/\/lianeshobbywelt.de\/index.php?rest_route=%2Fwp%2Fv2%2Ftags&post=2425"}],"curies":[{"name":"wp","href":"https:\/\/api.w.org\/{rel}","templated":true}]}}