{"id":269,"date":"2011-11-22T08:31:00","date_gmt":"2011-11-22T08:31:00","guid":{"rendered":"http:\/\/www.lianeshobbywelt.de\/blog\/?p=269"},"modified":"2011-11-22T08:31:00","modified_gmt":"2011-11-22T08:31:00","slug":"bald-geht-die-adventzeit","status":"publish","type":"post","link":"https:\/\/lianeshobbywelt.de\/?p=269","title":{"rendered":"Bald geht die Adventzeit&#8230;"},"content":{"rendered":"<p>los! :o) So auf Weihnachten und Advent bin ich aber noch nicht wirklich eingestimmt! :o( Und dennoch ist ja die Adventszeit etwas sch\u00f6nes! Stricken und \u00e4keln geht mir doch recht schwer von der Hand, aber die Lust zu basteln ist um so gr\u00f6\u00dfer. Habe meinen Nachbarn gefragt, ob er mir die Tage Tannenzweige mitbringen kann.<\/p>\n<p>Und heute hat er mir welche vor die T\u00fcr gelegt.<\/p>\n<div class=\"separator\" style=\"clear: both; text-align: center;\"><a href=\"http:\/\/4.bp.blogspot.com\/-CZdxEixEcYU\/TstmdS3CnuI\/AAAAAAAABHY\/dVvhG8WEPj8\/s1600\/DSCF0571.JPG\" imageanchor=\"1\" style=\"margin-left: 1em; margin-right: 1em;\"><img loading=\"lazy\" decoding=\"async\" border=\"0\" height=\"240\" src=\"http:\/\/4.bp.blogspot.com\/-CZdxEixEcYU\/TstmdS3CnuI\/AAAAAAAABHY\/dVvhG8WEPj8\/s320\/DSCF0571.JPG\" width=\"320\" \/><\/a><\/div>\n<p>&nbsp;Jetzt kann ich heute Abend oder morgen mit meinem T\u00fcrkranz anfangen! Und bei der Menge ist auch noch ein T\u00fcrkranz f\u00fcr meine Mama drin! :o)<\/p>\n<p>Liebe Gr\u00fc\u00dfe Eure<\/p>\n<p><a href=\"http:\/\/www.mylivesignature.com\/\" target=\"_blank\"><img decoding=\"async\" border=\"0\" src=\"http:\/\/signatures.mylivesignature.com\/85885\/lissy73\/fcf01e28fc80fb146d429729e104eff5.png\" style=\"background: transparent; border: 0 !important;\" \/><\/a><\/p>\n<p><a href=\"http:\/\/www.smilieportal.de\/\"><img decoding=\"async\" src=\"http:\/\/www.smilieportal.de\/smilies\/haushalt\/49.gif\" \/><\/a><\/p>\n<img decoding=\"async\" src=\"http:\/\/lianeshobbywelt.de\/Liane.png\" >","protected":false},"excerpt":{"rendered":"<p>los! :o) So auf Weihnachten und Advent bin ich aber noch nicht wirklich eingestimmt! :o( Und dennoch ist ja die &hellip; <a href=\"https:\/\/lianeshobbywelt.de\/?p=269\" class=\"more-link\">Continue reading<span class=\"screen-reader-text\"> &#8222;Bald geht die Adventzeit&#8230;&#8220;<\/span><\/a><\/p>\n<img decoding=\"async\" src=\"http:\/\/lianeshobbywelt.de\/Liane.png\" >","protected":false},"author":1,"featured_media":0,"comment_status":"open","ping_status":"open","sticky":false,"template":"","format":"standard","meta":{"footnotes":""},"categories":[3],"tags":[],"class_list":["post-269","post","type-post","status-publish","format-standard","hentry","category-information"],"_links":{"self":[{"href":"https:\/\/lianeshobbywelt.de\/index.php?rest_route=\/wp\/v2\/posts\/269","targetHints":{"allow":["GET"]}}],"collection":[{"href":"https:\/\/lianeshobbywelt.de\/index.php?rest_route=\/wp\/v2\/posts"}],"about":[{"href":"https:\/\/lianeshobbywelt.de\/index.php?rest_route=\/wp\/v2\/types\/post"}],"author":[{"embeddable":true,"href":"https:\/\/lianeshobbywelt.de\/index.php?rest_route=\/wp\/v2\/users\/1"}],"replies":[{"embeddable":true,"href":"https:\/\/lianeshobbywelt.de\/index.php?rest_route=%2Fwp%2Fv2%2Fcomments&post=269"}],"version-history":[{"count":0,"href":"https:\/\/lianeshobbywelt.de\/index.php?rest_route=\/wp\/v2\/posts\/269\/revisions"}],"wp:attachment":[{"href":"https:\/\/lianeshobbywelt.de\/index.php?rest_route=%2Fwp%2Fv2%2Fmedia&parent=269"}],"wp:term":[{"taxonomy":"category","embeddable":true,"href":"https:\/\/lianeshobbywelt.de\/index.php?rest_route=%2Fwp%2Fv2%2Fcategories&post=269"},{"taxonomy":"post_tag","embeddable":true,"href":"https:\/\/lianeshobbywelt.de\/index.php?rest_route=%2Fwp%2Fv2%2Ftags&post=269"}],"curies":[{"name":"wp","href":"https:\/\/api.w.org\/{rel}","templated":true}]}}