{"id":463,"date":"2010-09-27T23:36:00","date_gmt":"2010-09-27T22:36:00","guid":{"rendered":"http:\/\/www.lianeshobbywelt.de\/blog\/eine-socke-fur-den-kindergarten-raben-rabe-socke-2\/"},"modified":"2012-06-15T11:36:46","modified_gmt":"2012-06-15T10:36:46","slug":"eine-socke-fur-den-kindergarten-raben-rabe-socke-2","status":"publish","type":"post","link":"https:\/\/lianeshobbywelt.de\/?p=463","title":{"rendered":"Eine Socke f\u00fcr den Kindergarten Raben (Rabe Socke)&#8230;"},"content":{"rendered":"<p>ja, was man nicht alles macht&#8230; \ud83d\ude42<\/p>\n<p>Ich wurde gefragt ob ich f\u00fcr den Kindergarten-Rabe eine rot-wei\u00dfe Socke stricken k\u00f6nnte&#8230;.naja, mit stricken habe ich das nicht hin bekommen, da der Fu\u00df erhalten bleiben sollte&#8230;<\/p>\n<p>Hier das Ergebnis:<\/p>\n<p style=\"text-align: center;\"><a href=\"http:\/\/1.bp.blogspot.com\/_M4WflarFxcQ\/TKEbH-bVifI\/AAAAAAAAAVc\/zKhPlFCxlTc\/s1600\/Socke_Rabe.JPG\"><img loading=\"lazy\" decoding=\"async\" src=\"http:\/\/1.bp.blogspot.com\/_M4WflarFxcQ\/TKEbH-bVifI\/AAAAAAAAAVc\/zKhPlFCxlTc\/s320\/Socke_Rabe.JPG\" alt=\"\" width=\"320\" height=\"300\" border=\"0\" \/><\/a><\/p>\n<p style=\"text-align: center;\"><a href=\"http:\/\/4.bp.blogspot.com\/_M4WflarFxcQ\/TKEbLtV-JcI\/AAAAAAAAAVg\/kJT-e-VWpWU\/s1600\/Socke_Rabe_2.JPG\"><img loading=\"lazy\" decoding=\"async\" src=\"http:\/\/4.bp.blogspot.com\/_M4WflarFxcQ\/TKEbLtV-JcI\/AAAAAAAAAVg\/kJT-e-VWpWU\/s320\/Socke_Rabe_2.JPG\" alt=\"\" width=\"320\" height=\"215\" border=\"0\" \/><\/a><\/p>\n<p>Ist zwar nicht perfekt, trotzdem hoffe ich, dass die Kinder zufrieden sind!<\/p>\n<p>Die Socke habe ich geh\u00e4kelt und in 3 Teilen gefertigt&#8230;zuerst kam die Sohle dran, dann habe ich den Fu\u00dfr\u00fccken geh\u00e4kelt und dabei eine \u00d6ffnung gelassen. Die beiden Teile mit einander verbunden. Zum Schlu\u00df an der \u00d6ffnung Maschen f\u00fcr den Schaft aufgenommen&#8230;<\/p>\n<p>In Paar Stunden ist Anprobe, bitte dr\u00fcckt mir die Daumen, dass die Socke passt! \ud83d\ude42<\/p>\n<img decoding=\"async\" src=\"http:\/\/lianeshobbywelt.de\/Liane.png\" >","protected":false},"excerpt":{"rendered":"<p>ja, was man nicht alles macht&#8230; \ud83d\ude42 Ich wurde gefragt ob ich f\u00fcr den Kindergarten-Rabe eine rot-wei\u00dfe Socke stricken k\u00f6nnte&#8230;.naja, &hellip; <a href=\"https:\/\/lianeshobbywelt.de\/?p=463\" class=\"more-link\">Continue reading<span class=\"screen-reader-text\"> &#8222;Eine Socke f\u00fcr den Kindergarten Raben (Rabe Socke)&#8230;&#8220;<\/span><\/a><\/p>\n<img decoding=\"async\" src=\"http:\/\/lianeshobbywelt.de\/Liane.png\" >","protected":false},"author":1,"featured_media":0,"comment_status":"open","ping_status":"open","sticky":false,"template":"","format":"standard","meta":{"footnotes":""},"categories":[5,4],"tags":[],"class_list":["post-463","post","type-post","status-publish","format-standard","hentry","category-hakeln","category-sockengalerie"],"_links":{"self":[{"href":"https:\/\/lianeshobbywelt.de\/index.php?rest_route=\/wp\/v2\/posts\/463","targetHints":{"allow":["GET"]}}],"collection":[{"href":"https:\/\/lianeshobbywelt.de\/index.php?rest_route=\/wp\/v2\/posts"}],"about":[{"href":"https:\/\/lianeshobbywelt.de\/index.php?rest_route=\/wp\/v2\/types\/post"}],"author":[{"embeddable":true,"href":"https:\/\/lianeshobbywelt.de\/index.php?rest_route=\/wp\/v2\/users\/1"}],"replies":[{"embeddable":true,"href":"https:\/\/lianeshobbywelt.de\/index.php?rest_route=%2Fwp%2Fv2%2Fcomments&post=463"}],"version-history":[{"count":1,"href":"https:\/\/lianeshobbywelt.de\/index.php?rest_route=\/wp\/v2\/posts\/463\/revisions"}],"predecessor-version":[{"id":1698,"href":"https:\/\/lianeshobbywelt.de\/index.php?rest_route=\/wp\/v2\/posts\/463\/revisions\/1698"}],"wp:attachment":[{"href":"https:\/\/lianeshobbywelt.de\/index.php?rest_route=%2Fwp%2Fv2%2Fmedia&parent=463"}],"wp:term":[{"taxonomy":"category","embeddable":true,"href":"https:\/\/lianeshobbywelt.de\/index.php?rest_route=%2Fwp%2Fv2%2Fcategories&post=463"},{"taxonomy":"post_tag","embeddable":true,"href":"https:\/\/lianeshobbywelt.de\/index.php?rest_route=%2Fwp%2Fv2%2Ftags&post=463"}],"curies":[{"name":"wp","href":"https:\/\/api.w.org\/{rel}","templated":true}]}}