{"id":466,"date":"2010-10-11T16:17:00","date_gmt":"2010-10-11T15:17:00","guid":{"rendered":"http:\/\/www.lianeshobbywelt.de\/blog\/schal-fur-meinen-sohn-ist-auch-fertig-2\/"},"modified":"2012-07-12T11:58:11","modified_gmt":"2012-07-12T10:58:11","slug":"schal-fur-meinen-sohn-ist-auch-fertig-2","status":"publish","type":"post","link":"https:\/\/lianeshobbywelt.de\/?p=466","title":{"rendered":"Schal f\u00fcr meinen Sohn ist auch fertig&#8230;"},"content":{"rendered":"<p>..vor 2 Tagen habe ich auch endlich den Schal f\u00fcr meinen Sohn fertig bekommen. Gesamtl\u00e4nge nun 125 cm. Solle erstmal reichen f\u00fcr einen kleinen Mann! \ud83d\ude42<\/p>\n<p style=\"text-align: center;\"><a style=\"margin-left: 1em; margin-right: 1em;\" href=\"http:\/\/2.bp.blogspot.com\/_M4WflarFxcQ\/TLMoAcUHDbI\/AAAAAAAAAWM\/jUBhVHijmeA\/s1600\/DSC_6981.JPG\"><img loading=\"lazy\" decoding=\"async\" src=\"http:\/\/2.bp.blogspot.com\/_M4WflarFxcQ\/TLMoAcUHDbI\/AAAAAAAAAWM\/jUBhVHijmeA\/s320\/DSC_6981.JPG\" alt=\"\" width=\"320\" height=\"214\" border=\"0\" \/><\/a><\/p>\n<p>Der Verbrauch waren nun 3 Kn\u00e4ul aus dem Paket. Eigentlich wollte ich ja alle 4 Kn\u00e4ul verarbeiten, aber das kam mir dann doch etwas lang vor f\u00fcr einen kleinen Mann.<\/p>\n<p style=\"text-align: center;\"><a style=\"margin-left: 1em; margin-right: 1em;\" href=\"http:\/\/3.bp.blogspot.com\/_M4WflarFxcQ\/TLMoG0sjqAI\/AAAAAAAAAWQ\/8znMb-cVrTg\/s1600\/DSC_6984.JPG\"><img loading=\"lazy\" decoding=\"async\" src=\"http:\/\/3.bp.blogspot.com\/_M4WflarFxcQ\/TLMoG0sjqAI\/AAAAAAAAAWQ\/8znMb-cVrTg\/s320\/DSC_6984.JPG\" alt=\"\" width=\"214\" height=\"320\" border=\"0\" \/><\/a><\/p>\n<p>Er hat sich riesig gefreut und w\u00fcrde den Schal am liebsten gleich anbehalten&#8230; \ud83d\ude42 War richtig schwer ihn davon zu \u00fcberzeugen, dass es noch viel zu warm daf\u00fcr ist!<\/p>\n<img decoding=\"async\" src=\"http:\/\/lianeshobbywelt.de\/Liane.png\" >","protected":false},"excerpt":{"rendered":"<p>..vor 2 Tagen habe ich auch endlich den Schal f\u00fcr meinen Sohn fertig bekommen. Gesamtl\u00e4nge nun 125 cm. Solle erstmal &hellip; <a href=\"https:\/\/lianeshobbywelt.de\/?p=466\" class=\"more-link\">Continue reading<span class=\"screen-reader-text\"> &#8222;Schal f\u00fcr meinen Sohn ist auch fertig&#8230;&#8220;<\/span><\/a><\/p>\n<img decoding=\"async\" src=\"http:\/\/lianeshobbywelt.de\/Liane.png\" >","protected":false},"author":1,"featured_media":0,"comment_status":"open","ping_status":"open","sticky":false,"template":"","format":"standard","meta":{"footnotes":""},"categories":[6,12],"tags":[],"class_list":["post-466","post","type-post","status-publish","format-standard","hentry","category-stricken","category-tuchschal"],"_links":{"self":[{"href":"https:\/\/lianeshobbywelt.de\/index.php?rest_route=\/wp\/v2\/posts\/466","targetHints":{"allow":["GET"]}}],"collection":[{"href":"https:\/\/lianeshobbywelt.de\/index.php?rest_route=\/wp\/v2\/posts"}],"about":[{"href":"https:\/\/lianeshobbywelt.de\/index.php?rest_route=\/wp\/v2\/types\/post"}],"author":[{"embeddable":true,"href":"https:\/\/lianeshobbywelt.de\/index.php?rest_route=\/wp\/v2\/users\/1"}],"replies":[{"embeddable":true,"href":"https:\/\/lianeshobbywelt.de\/index.php?rest_route=%2Fwp%2Fv2%2Fcomments&post=466"}],"version-history":[{"count":2,"href":"https:\/\/lianeshobbywelt.de\/index.php?rest_route=\/wp\/v2\/posts\/466\/revisions"}],"predecessor-version":[{"id":1752,"href":"https:\/\/lianeshobbywelt.de\/index.php?rest_route=\/wp\/v2\/posts\/466\/revisions\/1752"}],"wp:attachment":[{"href":"https:\/\/lianeshobbywelt.de\/index.php?rest_route=%2Fwp%2Fv2%2Fmedia&parent=466"}],"wp:term":[{"taxonomy":"category","embeddable":true,"href":"https:\/\/lianeshobbywelt.de\/index.php?rest_route=%2Fwp%2Fv2%2Fcategories&post=466"},{"taxonomy":"post_tag","embeddable":true,"href":"https:\/\/lianeshobbywelt.de\/index.php?rest_route=%2Fwp%2Fv2%2Ftags&post=466"}],"curies":[{"name":"wp","href":"https:\/\/api.w.org\/{rel}","templated":true}]}}