{"id":487,"date":"2010-11-11T09:05:00","date_gmt":"2010-11-11T08:05:00","guid":{"rendered":"http:\/\/www.lianeshobbywelt.de\/blog\/pferdetuch-in-double-face-optik-2\/"},"modified":"2012-07-12T12:53:38","modified_gmt":"2012-07-12T11:53:38","slug":"pferdetuch-in-double-face-optik-2","status":"publish","type":"post","link":"https:\/\/lianeshobbywelt.de\/?p=487","title":{"rendered":"Pferdetuch in Double-Face Optik&#8230;"},"content":{"rendered":"<p>ja ich habe mich dran getraut! \ud83d\ude42<\/p>\n<p>Nachdem ich ich sooo super sch\u00f6ne Vorlageb\u00f6gen f\u00fcr T\u00fccher im Internet gefunden habe, mu\u00dfte ich es gleich ausprobieren! \ud83d\ude42<\/p>\n<p>Es funktioniert wirklich *freu* Ich hatte zwar am Anfang paar Denkfehler, doch mitlerweile klappt es richtig gut und ich glaube, dass ich richtig gefallen dran finden kann!<\/p>\n<p>Jetzt werde ich erstmal ein Pferdetuch in schwarz\/wei\u00df f\u00fcr meine Tochter stricken! Mal sehen was dabei rauskommt! Bis jetzt sieht es ja schonmal gut aus!<\/p>\n<p style=\"text-align: center;\"><a style=\"margin-left: 1em; margin-right: 1em;\" href=\"http:\/\/2.bp.blogspot.com\/_M4WflarFxcQ\/TNuhtg2Qi9I\/AAAAAAAAAZU\/2yzbVYO04LM\/s1600\/DSC_7108.JPG\"><img loading=\"lazy\" decoding=\"async\" src=\"http:\/\/2.bp.blogspot.com\/_M4WflarFxcQ\/TNuhtg2Qi9I\/AAAAAAAAAZU\/2yzbVYO04LM\/s320\/DSC_7108.JPG\" alt=\"\" width=\"320\" height=\"214\" border=\"0\" \/><\/a><\/p>\n<p>&nbsp;<\/p>\n<p style=\"text-align: center;\"><a style=\"margin-left: 1em; margin-right: 1em;\" href=\"http:\/\/2.bp.blogspot.com\/_M4WflarFxcQ\/TNuhzaT1uRI\/AAAAAAAAAZY\/QU0msd_2cyY\/s1600\/DSC_7109.JPG\"><img loading=\"lazy\" decoding=\"async\" src=\"http:\/\/2.bp.blogspot.com\/_M4WflarFxcQ\/TNuhzaT1uRI\/AAAAAAAAAZY\/QU0msd_2cyY\/s320\/DSC_7109.JPG\" alt=\"\" width=\"320\" height=\"214\" border=\"0\" \/><\/a><\/p>\n<div style=\"text-align: center;\">Garn: Sockenwolle 75%Schurwolle\/25%Polyamid<\/div>\n<div style=\"text-align: center;\">Hersteller: Firma Max Gr\u00fcndl<br \/>\nNadelst\u00e4rke: 3,5<\/div>\n<div style=\"text-align: center;\">Muster: Double-Face rechts von <a href=\"http:\/\/tina131.npage.de\/linkliste.html\">Tina<\/a><\/div>\n<p>&nbsp;<\/p>\n<p>Weitere sch\u00f6ne Vorlage-B\u00f6gen findet ihr bei <a href=\"http:\/\/tina131.npage.de\/linkliste.html\">Tina<\/a> auf der Seite!<\/p>\n<img decoding=\"async\" src=\"http:\/\/lianeshobbywelt.de\/Liane.png\" >","protected":false},"excerpt":{"rendered":"<p>ja ich habe mich dran getraut! \ud83d\ude42 Nachdem ich ich sooo super sch\u00f6ne Vorlageb\u00f6gen f\u00fcr T\u00fccher im Internet gefunden habe, &hellip; <a href=\"https:\/\/lianeshobbywelt.de\/?p=487\" class=\"more-link\">Continue reading<span class=\"screen-reader-text\"> &#8222;Pferdetuch in Double-Face Optik&#8230;&#8220;<\/span><\/a><\/p>\n<img decoding=\"async\" src=\"http:\/\/lianeshobbywelt.de\/Liane.png\" >","protected":false},"author":1,"featured_media":0,"comment_status":"open","ping_status":"open","sticky":false,"template":"","format":"standard","meta":{"footnotes":""},"categories":[16,6,12],"tags":[],"class_list":["post-487","post","type-post","status-publish","format-standard","hentry","category-doubleface","category-stricken","category-tuchschal"],"_links":{"self":[{"href":"https:\/\/lianeshobbywelt.de\/index.php?rest_route=\/wp\/v2\/posts\/487","targetHints":{"allow":["GET"]}}],"collection":[{"href":"https:\/\/lianeshobbywelt.de\/index.php?rest_route=\/wp\/v2\/posts"}],"about":[{"href":"https:\/\/lianeshobbywelt.de\/index.php?rest_route=\/wp\/v2\/types\/post"}],"author":[{"embeddable":true,"href":"https:\/\/lianeshobbywelt.de\/index.php?rest_route=\/wp\/v2\/users\/1"}],"replies":[{"embeddable":true,"href":"https:\/\/lianeshobbywelt.de\/index.php?rest_route=%2Fwp%2Fv2%2Fcomments&post=487"}],"version-history":[{"count":3,"href":"https:\/\/lianeshobbywelt.de\/index.php?rest_route=\/wp\/v2\/posts\/487\/revisions"}],"predecessor-version":[{"id":1788,"href":"https:\/\/lianeshobbywelt.de\/index.php?rest_route=\/wp\/v2\/posts\/487\/revisions\/1788"}],"wp:attachment":[{"href":"https:\/\/lianeshobbywelt.de\/index.php?rest_route=%2Fwp%2Fv2%2Fmedia&parent=487"}],"wp:term":[{"taxonomy":"category","embeddable":true,"href":"https:\/\/lianeshobbywelt.de\/index.php?rest_route=%2Fwp%2Fv2%2Fcategories&post=487"},{"taxonomy":"post_tag","embeddable":true,"href":"https:\/\/lianeshobbywelt.de\/index.php?rest_route=%2Fwp%2Fv2%2Ftags&post=487"}],"curies":[{"name":"wp","href":"https:\/\/api.w.org\/{rel}","templated":true}]}}