{"id":568,"date":"2011-03-21T11:43:00","date_gmt":"2011-03-21T10:43:00","guid":{"rendered":"http:\/\/www.lianeshobbywelt.de\/blog\/meine-adventskalender-socken-2\/"},"modified":"2012-07-12T14:27:03","modified_gmt":"2012-07-12T13:27:03","slug":"meine-adventskalender-socken-2","status":"publish","type":"post","link":"https:\/\/lianeshobbywelt.de\/?p=568","title":{"rendered":"Meine Adventskalender-Socken&#8230;"},"content":{"rendered":"<p>&#8230;haben zuwachs bekommen, denn ich habe Unterst\u00fctzung bekommen!<\/p>\n<p>Wie ich euch ja <a href=\"http:\/\/lissyshandarbeit.blogspot.com\/2011\/03\/meine-erste.html\">hier<\/a> schon berichtet habe, brauche ich 96 Socken f\u00fcr den Adventskalender meiner Kids. Am Samstag hatten wir von unseren Stricklieseln Treffen in Worms gehabt und von <a href=\"http:\/\/www.kaffeetante64.twoday.net\/\">Michaela<\/a> und <a href=\"http:\/\/anjasstrickwelt.blogspot.com\/\">Anja<\/a> zwei S\u00f6ckchen f\u00fcr meinen Adventskalender geschenkt bekommen!<\/p>\n<p>Und hier sind die neuen S\u00f6ckchen:<\/p>\n<p style=\"text-align: center;\"><a style=\"margin-left: 1em; margin-right: 1em;\" href=\"https:\/\/lh3.googleusercontent.com\/-biwSS6djVEU\/TYcpHgglDGI\/AAAAAAAAAp8\/owavgM8tODw\/s1600\/DSC_7457.JPG\"><img loading=\"lazy\" decoding=\"async\" src=\"https:\/\/lh3.googleusercontent.com\/-biwSS6djVEU\/TYcpHgglDGI\/AAAAAAAAAp8\/owavgM8tODw\/s320\/DSC_7457.JPG\" alt=\"\" width=\"320\" height=\"214\" border=\"0\" \/><\/a><\/p>\n<div style=\"text-align: center;\">&#8230;die S\u00f6ckchen von Anja&#8230;<\/div>\n<p style=\"text-align: center;\"><a style=\"margin-left: 1em; margin-right: 1em;\" href=\"https:\/\/lh6.googleusercontent.com\/-dMCGACzo1cU\/TYcpNi1Q5tI\/AAAAAAAAAqA\/D9v_SUV5c3s\/s1600\/DSC_7458.JPG\"><img loading=\"lazy\" decoding=\"async\" src=\"https:\/\/lh6.googleusercontent.com\/-dMCGACzo1cU\/TYcpNi1Q5tI\/AAAAAAAAAqA\/D9v_SUV5c3s\/s320\/DSC_7458.JPG\" alt=\"\" width=\"320\" height=\"214\" border=\"0\" \/><\/a><\/p>\n<div style=\"text-align: center;\">\u00a0&#8230;und die S\u00f6ckchen von Michaela!<\/div>\n<div style=\"text-align: left;\"><\/div>\n<div style=\"text-align: left;\">Am Sonntag habe ich dann auch noch ein S\u00f6ckchen fertig bekommen:<\/div>\n<p style=\"text-align: center;\"><a style=\"margin-left: 1em; margin-right: 1em;\" href=\"https:\/\/lh5.googleusercontent.com\/--10E9JNPX2s\/TYcpTOkNTvI\/AAAAAAAAAqE\/MyONx3HbDCE\/s1600\/DSC_7460.JPG\"><img loading=\"lazy\" decoding=\"async\" src=\"https:\/\/lh5.googleusercontent.com\/--10E9JNPX2s\/TYcpTOkNTvI\/AAAAAAAAAqE\/MyONx3HbDCE\/s320\/DSC_7460.JPG\" alt=\"\" width=\"320\" height=\"214\" border=\"0\" \/><\/a><\/p>\n<p>Und hier alle meine S\u00f6ckchen zusammen:<\/p>\n<p style=\"text-align: center;\"><a style=\"margin-left: 1em; margin-right: 1em;\" href=\"https:\/\/lh4.googleusercontent.com\/-jxuJkBKuuKg\/TYcpY8JV6bI\/AAAAAAAAAqI\/VtdRiRdxQLE\/s1600\/DSC_7461.JPG\"><img loading=\"lazy\" decoding=\"async\" src=\"https:\/\/lh4.googleusercontent.com\/-jxuJkBKuuKg\/TYcpY8JV6bI\/AAAAAAAAAqI\/VtdRiRdxQLE\/s320\/DSC_7461.JPG\" alt=\"\" width=\"320\" height=\"214\" border=\"0\" \/><\/a><\/p>\n<p>hihi&#8230;wundert euch bitte nicht, meine S\u00f6ckchen sind wirklich gr\u00f6\u00dfer, obwohl meine auch mit 32 M angeschlagen wurden&#8230;doch ich war wohl etwas gro\u00dfz\u00fcgiger mit meinen Nadeln, denn ich habe das ganze mit einem 4er Nadelspiel gestrickt!<\/p>\n<p>Bei den n\u00e4chsten werde ich dann auch auf die Standardnadelst\u00e4rke gehen, und die ich gemacht habe, sind dann f\u00fcr den 24. \ud83d\ude42<\/p>\n<p>Ich m\u00f6chte mich an dieser Stelle nochmal bei der tatkr\u00e4figen Unterst\u00fctzung bedanken,<\/p>\n<p style=\"text-align: center;\"><a title=\"GB Pics\" href=\"http:\/\/www.gbpicsonline.com\/\" target=\"_blank\"><img loading=\"lazy\" decoding=\"async\" src=\"http:\/\/img1.gbpicsonline.com\/gb\/02\/047.jpg\" alt=\"Jappybilder\" width=\"320\" height=\"210\" border=\"0\" \/><\/a><\/p>\n<p>Ihr seid echt Klasse!<\/p>\n<div style=\"text-align: center;\"><span style=\"text-decoration: underline;\">Stand:<\/span><\/div>\n<div style=\"text-align: center;\"><strong style=\"color: red;\">21.03.2011 &#8211; 6\/96<\/strong><\/div>\n<img decoding=\"async\" src=\"http:\/\/lianeshobbywelt.de\/Liane.png\" >","protected":false},"excerpt":{"rendered":"<p>&#8230;haben zuwachs bekommen, denn ich habe Unterst\u00fctzung bekommen! Wie ich euch ja hier schon berichtet habe, brauche ich 96 Socken &hellip; <a href=\"https:\/\/lianeshobbywelt.de\/?p=568\" class=\"more-link\">Continue reading<span class=\"screen-reader-text\"> &#8222;Meine Adventskalender-Socken&#8230;&#8220;<\/span><\/a><\/p>\n<img decoding=\"async\" src=\"http:\/\/lianeshobbywelt.de\/Liane.png\" >","protected":false},"author":1,"featured_media":0,"comment_status":"open","ping_status":"open","sticky":false,"template":"","format":"standard","meta":{"footnotes":""},"categories":[23],"tags":[],"class_list":["post-568","post","type-post","status-publish","format-standard","hentry","category-adventskalender-socken-kal"],"_links":{"self":[{"href":"https:\/\/lianeshobbywelt.de\/index.php?rest_route=\/wp\/v2\/posts\/568","targetHints":{"allow":["GET"]}}],"collection":[{"href":"https:\/\/lianeshobbywelt.de\/index.php?rest_route=\/wp\/v2\/posts"}],"about":[{"href":"https:\/\/lianeshobbywelt.de\/index.php?rest_route=\/wp\/v2\/types\/post"}],"author":[{"embeddable":true,"href":"https:\/\/lianeshobbywelt.de\/index.php?rest_route=\/wp\/v2\/users\/1"}],"replies":[{"embeddable":true,"href":"https:\/\/lianeshobbywelt.de\/index.php?rest_route=%2Fwp%2Fv2%2Fcomments&post=568"}],"version-history":[{"count":3,"href":"https:\/\/lianeshobbywelt.de\/index.php?rest_route=\/wp\/v2\/posts\/568\/revisions"}],"predecessor-version":[{"id":1946,"href":"https:\/\/lianeshobbywelt.de\/index.php?rest_route=\/wp\/v2\/posts\/568\/revisions\/1946"}],"wp:attachment":[{"href":"https:\/\/lianeshobbywelt.de\/index.php?rest_route=%2Fwp%2Fv2%2Fmedia&parent=568"}],"wp:term":[{"taxonomy":"category","embeddable":true,"href":"https:\/\/lianeshobbywelt.de\/index.php?rest_route=%2Fwp%2Fv2%2Fcategories&post=568"},{"taxonomy":"post_tag","embeddable":true,"href":"https:\/\/lianeshobbywelt.de\/index.php?rest_route=%2Fwp%2Fv2%2Ftags&post=568"}],"curies":[{"name":"wp","href":"https:\/\/api.w.org\/{rel}","templated":true}]}}