{"id":610,"date":"2011-07-11T09:11:00","date_gmt":"2011-07-11T08:11:00","guid":{"rendered":"http:\/\/www.lianeshobbywelt.de\/blog\/mein-neuer-2\/"},"modified":"2011-07-11T09:11:00","modified_gmt":"2011-07-11T08:11:00","slug":"mein-neuer-2","status":"publish","type":"post","link":"https:\/\/lianeshobbywelt.de\/?p=610","title":{"rendered":"Mein neuer &#8230;."},"content":{"rendered":"<p>&#8230;Handarbeitsplatz ist am Wochenende entstanden! :o) Hier kann ich nun Basteln, malen und werkeln!<\/p>\n<p>Am Wochenende hie\u00df es erstmal ein Regal aus dem schwedischen M\u00f6belhaus zusammen zu schauben! Ha, ratzfatz waren die paar Schrauben und Holzbretter zu einem Regal verschraubt! :o)<\/p>\n<p>Dann ging es an die noch gekauften Utensilos! Ein Schubladenelement und ein Regaleinzatz! Auch diese waren ruckizucki zusammen geschraubt! Auch mu\u00dfte das 3er Set an Schalen untergebracht werden. Ich kann Euch sagen, das ist garnicht so einfach geeignete Pl\u00e4tze zu finden, vorallem wenn frau wei\u00df, dass diese fest verschraubt werden! :o(<\/p>\n<p>F\u00fcr mich pers\u00f6nlich ging es dann erst richtig mit Arbeit los! :o( WAS wird WO am Besten verstaut?!<\/p>\n<p>Also hier schonmal die ersten Einrichtungsbilder:<\/p>\n<div class=\"separator\" style=\"clear: both; text-align: center;\"><a href=\"http:\/\/4.bp.blogspot.com\/-Y2mgN329ISU\/ThqnpsbAnYI\/AAAAAAAAA2I\/V6iGRuSLIIw\/s1600\/DSCF0269.JPG\" imageanchor=\"1\" style=\"margin-left: 1em; margin-right: 1em;\"><img loading=\"lazy\" decoding=\"async\" border=\"0\" height=\"320\" src=\"http:\/\/4.bp.blogspot.com\/-Y2mgN329ISU\/ThqnpsbAnYI\/AAAAAAAAA2I\/V6iGRuSLIIw\/s320\/DSCF0269.JPG\" width=\"240\" \/><\/a><\/div>\n<p><\/p>\n<div class=\"separator\" style=\"clear: both; text-align: center;\"><a href=\"http:\/\/4.bp.blogspot.com\/-xr59QYM4RQo\/Thqnv6VP0jI\/AAAAAAAAA2M\/TZCUo2zLS0M\/s1600\/DSCF0270.JPG\" imageanchor=\"1\" style=\"margin-left: 1em; margin-right: 1em;\"><img loading=\"lazy\" decoding=\"async\" border=\"0\" height=\"240\" src=\"http:\/\/4.bp.blogspot.com\/-xr59QYM4RQo\/Thqnv6VP0jI\/AAAAAAAAA2M\/TZCUo2zLS0M\/s320\/DSCF0270.JPG\" width=\"320\" \/><\/a><\/div>\n<p><\/p>\n<div class=\"separator\" style=\"clear: both; text-align: center;\"><a href=\"http:\/\/3.bp.blogspot.com\/-kY13PKxvO8M\/Thqn2Ij53rI\/AAAAAAAAA2Q\/Mh4kK2e8mmE\/s1600\/DSCF0271.JPG\" imageanchor=\"1\" style=\"margin-left: 1em; margin-right: 1em;\"><img loading=\"lazy\" decoding=\"async\" border=\"0\" height=\"240\" src=\"http:\/\/3.bp.blogspot.com\/-kY13PKxvO8M\/Thqn2Ij53rI\/AAAAAAAAA2Q\/Mh4kK2e8mmE\/s320\/DSCF0271.JPG\" width=\"320\" \/><\/a><\/div>\n<p>Der Regaleinsatz bietet nun meinem Wollwickler, Strickm\u00fchle sowie Krimskram einen festen Platz! Davor fand mein Schalenset einen Platz. Mein Mann hat mir L-Schienen ins Regal geschraubt auf denen ich nun die Einsatzschalen beliebig rein und raus schieben kann! Dort haben meine MM, Stopfnadeln, Scheren und meine Perlend\u00f6schen ein neues Zuhause gefunden. Mein Mann hat gleich noch Platz gelassen, damit ich beim n\u00e4chsten Einkaufen im schweden Haus mir noch ein Set mitbringen kann! :o) Direkt darunter habe ich jetzt erstmal eine Utensilien Box gestellt in der nun meine Sockennadeln, H\u00e4kelnadeln, Strickliesel und andere Kleinigkeiten Ihren Platz gefunden haben! In den beiden unteren F\u00e4chern habe ich jetzt erstmal meine angefangen T\u00fccher reingestellt! Das sind die, die ich noch f\u00fcr den Geburtstag bis zum Wochenende fertig machen mu\u00df! Wenn die T\u00fccher fertig sind, sind die beiden F\u00e4cher noch zu freien Verf\u00fcgung! <\/p>\n<div class=\"separator\" style=\"clear: both; text-align: center;\"><a href=\"http:\/\/1.bp.blogspot.com\/-QfoA4EbB_fs\/Thqn9cygp7I\/AAAAAAAAA2U\/sdgbdLeH1po\/s1600\/DSCF0272.JPG\" imageanchor=\"1\" style=\"margin-left: 1em; margin-right: 1em;\"><img loading=\"lazy\" decoding=\"async\" border=\"0\" height=\"320\" src=\"http:\/\/1.bp.blogspot.com\/-QfoA4EbB_fs\/Thqn9cygp7I\/AAAAAAAAA2U\/sdgbdLeH1po\/s320\/DSCF0272.JPG\" width=\"240\" \/><\/a><\/div>\n<p>In dem Regal nebenan haben jetzt meine Strick- und H\u00e4kelb\u00fccher ihren Platz gefunden. Darunter sind jetzt noch zwei F\u00e4cher, die noch nicht fest eingeplant sind, doch ich bin mir sicher, dass diese nicht von langer Dauer leer sein werden! (Der N\u00e4hkorb kommt da nat\u00fcrlich noch weg!) In der n\u00e4chsten Reihe hat ein Schubladenelement seinen Platz erhalten. F\u00fcr alle Neugierigen unter Euch, dort habe ich meine Sockenbretter und meinen Schleifenfix versteckt! In der zweiten Schublade bekamen dann meine Bastelperlen einen neuen Platz! Meine Strickhefte und die nach Gr\u00f6\u00dfe sortierten Stricknadeln habe ich nun erstmal daneben gestellt! Eigentlich wollte ich nur testen, ob die Kisten in das Fach passen! Naja, jetzt stehen diese erstmal drin! Und zu Guterletzt in der unteren Reihe haben nun 4 Boxen Ihren Platz, in denen ich meine angefangenen Projekte, sowie meine Ufo\u00b4s einsortiert habe! Auch habe ich unter dem Schreibtisch die F\u00e4cher schon belegt, dort haben meine Bastelsachen ihren Platz gefunden!<\/p>\n<p>So sieht das nun aus! Derzeit steht das Regal-\/Tischsystem bei uns im Esszimmer mit dabei, ob es seinen endg\u00fcltigen Platz dort behalten wird, werden ich jetzt die n\u00e4chsten Wochen testen, ansonsten wird mein Handarbeitsplatz in den ersten Stock in mein B\u00fcro mit reinverlegt! Mal abwarten, im Moment ist es recht praktisch, da ich abends mein Strickzeug dort wegholen und vorm Schlafen gehen, dort wieder direkt verstauen kann!<\/p>\n<p>Ich w\u00fcnsche Euch einen sch\u00f6nen Tag und einen noch sch\u00f6neren Wochenstart.<\/p>\n<p>Liebe Gr\u00fc\u00dfe Eure<\/p>\n<p><a href=\"http:\/\/www.mylivesignature.com\/\" target=\"_blank\"><img decoding=\"async\" border=\"0\" src=\"http:\/\/signatures.mylivesignature.com\/85885\/lissy73\/fcf01e28fc80fb146d429729e104eff5.png\" style=\"background: transparent; border: 0 !important;\" \/><\/a><\/p>\n<p><a href=\"http:\/\/www.smilieportal.de\/\"><img decoding=\"async\" src=\"http:\/\/www.smilieportal.de\/smilies\/haushalt\/49.gif\" \/><\/a><\/p>\n<img decoding=\"async\" src=\"http:\/\/lianeshobbywelt.de\/Liane.png\" >","protected":false},"excerpt":{"rendered":"<p>&#8230;Handarbeitsplatz ist am Wochenende entstanden! :o) Hier kann ich nun Basteln, malen und werkeln! Am Wochenende hie\u00df es erstmal ein &hellip; <a href=\"https:\/\/lianeshobbywelt.de\/?p=610\" class=\"more-link\">Continue reading<span class=\"screen-reader-text\"> &#8222;Mein neuer &#8230;.&#8220;<\/span><\/a><\/p>\n<img decoding=\"async\" src=\"http:\/\/lianeshobbywelt.de\/Liane.png\" >","protected":false},"author":1,"featured_media":0,"comment_status":"open","ping_status":"open","sticky":false,"template":"","format":"standard","meta":{"footnotes":""},"categories":[3],"tags":[],"class_list":["post-610","post","type-post","status-publish","format-standard","hentry","category-information"],"_links":{"self":[{"href":"https:\/\/lianeshobbywelt.de\/index.php?rest_route=\/wp\/v2\/posts\/610","targetHints":{"allow":["GET"]}}],"collection":[{"href":"https:\/\/lianeshobbywelt.de\/index.php?rest_route=\/wp\/v2\/posts"}],"about":[{"href":"https:\/\/lianeshobbywelt.de\/index.php?rest_route=\/wp\/v2\/types\/post"}],"author":[{"embeddable":true,"href":"https:\/\/lianeshobbywelt.de\/index.php?rest_route=\/wp\/v2\/users\/1"}],"replies":[{"embeddable":true,"href":"https:\/\/lianeshobbywelt.de\/index.php?rest_route=%2Fwp%2Fv2%2Fcomments&post=610"}],"version-history":[{"count":0,"href":"https:\/\/lianeshobbywelt.de\/index.php?rest_route=\/wp\/v2\/posts\/610\/revisions"}],"wp:attachment":[{"href":"https:\/\/lianeshobbywelt.de\/index.php?rest_route=%2Fwp%2Fv2%2Fmedia&parent=610"}],"wp:term":[{"taxonomy":"category","embeddable":true,"href":"https:\/\/lianeshobbywelt.de\/index.php?rest_route=%2Fwp%2Fv2%2Fcategories&post=610"},{"taxonomy":"post_tag","embeddable":true,"href":"https:\/\/lianeshobbywelt.de\/index.php?rest_route=%2Fwp%2Fv2%2Ftags&post=610"}],"curies":[{"name":"wp","href":"https:\/\/api.w.org\/{rel}","templated":true}]}}